{"id":25922,"date":"2026-04-22T23:07:59","date_gmt":"2026-04-23T02:07:59","guid":{"rendered":"https:\/\/rmxnoticias.com\/web\/sufre-alemania-su-crack-se-pierde-el-mundial-2026-por-una-lesion-insolita\/"},"modified":"2026-04-22T23:07:59","modified_gmt":"2026-04-23T02:07:59","slug":"sufre-alemania-su-crack-se-pierde-el-mundial-2026-por-una-lesion-insolita","status":"publish","type":"post","link":"https:\/\/rmxnoticias.com\/web\/sufre-alemania-su-crack-se-pierde-el-mundial-2026-por-una-lesion-insolita\/","title":{"rendered":"Sufre Alemania: su crack se pierde el Mundial 2026 por una lesi\u00f3n ins\u00f3lita"},"content":{"rendered":"<p>Un golpe seco, inesperado y de alto impacto para la selecci\u00f3n de Alemania a menos de dos meses del Mundial 2026. <b>Serge Gnabry<\/b>, uno de los nombres fuertes del recambio ofensivo germano en los \u00faltimos a\u00f1os, confirm\u00f3 que no llegar\u00e1 a la cita m\u00e1xima tras sufrir una<b> grave ruptura en el aductor derecho<\/b>, una lesi\u00f3n que lo dejar\u00e1<b> varios meses fuera de competencia<\/b> y que borra de un plumazo su ilusi\u00f3n mundialista.<\/p>\n<p>El contexto vuelve todav\u00eda m\u00e1s impactante la noticia. No se trat\u00f3 de una jugada de alta exigencia en un partido decisivo ni de una acci\u00f3n fortuita en medio de la competencia, sino de <b>una simple pr\u00e1ctica de penales<\/b> en un entrenamiento previo al triunfo del domingo de Bayern M\u00fanich por 4-2 ante Stuttgart, resultado que le permiti\u00f3 al gigante b\u00e1varo asegurar un nuevo t\u00edtulo de Bundesliga. <\/p>\n<p>El diagn\u00f3stico no dej\u00f3 margen para interpretaciones optimistas: ruptura del aductor, <b>una lesi\u00f3n muscular de las m\u00e1s complejas<\/b> por la zona que compromete y por los tiempos de recuperaci\u00f3n que exige. En la pr\u00e1ctica, significa varios meses fuera de las canchas, <b>sin posibilidad de acortar plazos <\/b>sin asumir riesgos mayores. <\/p>\n<p><img fetchpriority=\"high\" decoding=\"async\" src=\"https:\/\/resizer.glanacion.com\/resizer\/v2\/IB3NDGQ4I5E6JL5IUE44TLJ4WE.JPG?auth=a9a6930ba64a359af7da09bc954fc8f77deca210fa81fa0c89eaf0d26dcfe568&amp;smart=true&amp;width=8256&amp;height=5504\" alt=\"La baja de Gnabry altera los planes de la selecci\u00f3n de Alemania\" height=\"5504\" width=\"8256\" \/><\/p>\n<p>As\u00ed, no solo queda descartado para el Mundial, sino tambi\u00e9n para el tramo m\u00e1s caliente de la temporada europea, donde Bayern ten\u00eda por delante desaf\u00edos de m\u00e1xima exigencia como las semifinales de la Champions League y la definici\u00f3n de la Copa de Alemania (este mi\u00e9rcoles venci\u00f3 2-0 a Bayer Leverkusen, por las semifinales).<\/p>\n<p>La confirmaci\u00f3n lleg\u00f3 por boca del propio protagonista. Con un mensaje cargado de resignaci\u00f3n, Gnabry se expres\u00f3 en su cuenta de <i>Instagram<\/i>.<\/p>\n<p>\u201cLos \u00faltimos d\u00edas fueron dif\u00edciles de procesar. Una temporada del Bayern Munich en la que a\u00fan queda mucho por jugar tras conseguir otro t\u00edtulo de la Bundesliga el fin de semana\u201d, escribi\u00f3. Y agreg\u00f3: \u201cEn cuanto al sue\u00f1o de la Copa del Mundo con Alemania&#8230; Lamentablemente, eso se acab\u00f3 para m\u00ed. Como el resto del pa\u00eds, estar\u00e9 apoyando a los chicos desde casa. Ahora toca centrarse en la recuperaci\u00f3n y volver a la pretemporada. Gracias por todos los mensajes\u201d.<\/p>\n<p><img decoding=\"async\" src=\"https:\/\/resizer.glanacion.com\/resizer\/v2\/EL627GQPZRCAJDAL65RFW7RAJU.jpg?auth=2593c33c0aa5d0711a00a8e0bc2f10710aea786771ae6cd90f46960d6e95a8fb&amp;smart=true&amp;width=2000&amp;height=1333\" alt=\"Para el DT Nagelsmann, la lesi\u00f3n de Gnabry es una complicaci\u00f3n de cara a definir la lista mundialista\" height=\"1333\" width=\"2000\" \/><\/p>\n<p>Para el seleccionado alem\u00e1n, que dirige Julian Nagelsmann,<b> la baja tiene un peso espec\u00edfico<\/b> que va m\u00e1s all\u00e1 del nombre propio. Gnabry no era una alternativa m\u00e1s: era parte de la estructura. Hab\u00eda sido titular en la mayor\u00eda de los \u00faltimos compromisos, sumaba continuidad en las Eliminatorias europeas y aportaba algo dif\u00edcil de reemplazar en el f\u00fatbol actual: <b>desequilibrio en velocidad, capacidad de gol<\/b> y experiencia en escenarios de m\u00e1xima presi\u00f3n.<\/p>\n<p>En n\u00fameros, su aporte tambi\u00e9n era significativo. Ven\u00eda de una temporada s\u00f3lida, con doble d\u00edgito en goles y asistencias (10 y 11, respectivamente), adem\u00e1s de una presencia constante en partidos importantes. En la selecci\u00f3n, su recorrido lo avala: m\u00e1s de medio centenar de presencias y una producci\u00f3n goleadora que lo ubicaba <b>entre los atacantes m\u00e1s confiables del ciclo reciente.<\/b><\/p>\n<p><img decoding=\"async\" src=\"https:\/\/resizer.glanacion.com\/resizer\/v2\/EKHIU3LDXRCG5HDC74DSIA65QE.jpg?auth=ede697be760e0d77a7493837f8981f9d64282420f7fe2dabb8c1b826994b01ca&amp;smart=true&amp;width=5726&amp;height=4159\" alt=\"Gnabry estaba cerrando una gran temporada en Bayern Munich\" height=\"4159\" width=\"5726\" \/><\/p>\n<p>La consecuencia inmediata es t\u00e1ctica, pero tambi\u00e9n simb\u00f3lica. Alemania pierde a un futbolista que pod\u00eda romper partidos cerrados, que ofrec\u00eda variantes en los extremos y que entend\u00eda los tiempos de la competencia internacional. En un equipo que busca reconstruirse tras dos golpes consecutivos \u2014la eliminaci\u00f3n en fase de grupos en Rusia 2018 y la temprana despedida en Qatar 2022\u2014, la ausencia de Gnabry obliga a recalcular.<\/p>\n<p>El cuerpo t\u00e9cnico deber\u00e1 ahora tomar decisiones en un margen de tiempo cada vez m\u00e1s estrecho. El grupo que le toc\u00f3 en el Mundial \u2014con rivales como <b>Curazao, Ecuador y Costa de Marfil<\/b>\u2014 aparece, en los papeles, como accesible. Pero en el f\u00fatbol de selecciones, y m\u00e1s a\u00fan en una Copa del Mundo, los detalles marcan diferencias. Y perder a un futbolista del perfil de Gnabry no es un detalle menor.<\/p>\n<p>Para Gnabry, el golpe tambi\u00e9n tiene una carga personal profunda. No es solo una lesi\u00f3n: es la interrupci\u00f3n de un ciclo que lo ten\u00eda como protagonista y <b>la p\u00e9rdida de una oportunidad \u00fanica<\/b>. <b>A los 30 a\u00f1os, cada Mundial cuenta de manera distinta.<\/b> Ya hab\u00eda sido parte del proceso anterior y este aparec\u00eda como una nueva chance de dejar su huella en el escenario m\u00e1s grande.<\/p>\n<p>La noticia se da en un escenario en el cual poco antes se conoci\u00f3 que <a href=\"https:\/\/www.lanacion.com.ar\/deportes\/futbol\/sufre-brasil-estevao-se-desgarro-y-esta-a-un-paso-de-perderse-el-mundial-2026-nid22042026\/\" target=\"_self\" rel=\"\" title=\"https:\/\/www.lanacion.com.ar\/deportes\/futbol\/sufre-brasil-estevao-se-desgarro-y-esta-a-un-paso-de-perderse-el-mundial-2026-nid22042026\/\">se agrav\u00f3 la lesi\u00f3n del brasile\u00f1o Est\u00eav\u00e3o<\/a>, que tiene un desgarro de grado 4 y es casi imposible que llegue en condiciones a la m\u00e1xima cita.<\/p>\n<p>\u200bSerge Gnabry, de gran temporada en Bayern Munich, tendr\u00e1 varios meses de inactividad\u00a0\u00a0<\/p>","protected":false},"excerpt":{"rendered":"<p>Un golpe seco, inesperado y de alto impacto para la selecci\u00f3n de Alemania a menos de dos meses del Mundial 2026. Serge Gnabry, uno de los nombres fuertes del recambio ofensivo germano en los \u00faltimos a\u00f1os, confirm\u00f3 que no llegar\u00e1 a la cita m\u00e1xima tras sufrir una grave ruptura en el aductor derecho, una lesi\u00f3n [&hellip;]<\/p>\n","protected":false},"author":1,"featured_media":25923,"comment_status":"","ping_status":"open","sticky":false,"template":"","format":"standard","meta":{"footnotes":""},"categories":[14,112],"tags":[],"class_list":["post-25922","post","type-post","status-publish","format-standard","has-post-thumbnail","hentry","category-nacionales","category-ultimas-noticias"],"amp_enabled":true,"_links":{"self":[{"href":"https:\/\/rmxnoticias.com\/web\/wp-json\/wp\/v2\/posts\/25922","targetHints":{"allow":["GET"]}}],"collection":[{"href":"https:\/\/rmxnoticias.com\/web\/wp-json\/wp\/v2\/posts"}],"about":[{"href":"https:\/\/rmxnoticias.com\/web\/wp-json\/wp\/v2\/types\/post"}],"author":[{"embeddable":true,"href":"https:\/\/rmxnoticias.com\/web\/wp-json\/wp\/v2\/users\/1"}],"replies":[{"embeddable":true,"href":"https:\/\/rmxnoticias.com\/web\/wp-json\/wp\/v2\/comments?post=25922"}],"version-history":[{"count":0,"href":"https:\/\/rmxnoticias.com\/web\/wp-json\/wp\/v2\/posts\/25922\/revisions"}],"wp:featuredmedia":[{"embeddable":true,"href":"https:\/\/rmxnoticias.com\/web\/wp-json\/wp\/v2\/media\/25923"}],"wp:attachment":[{"href":"https:\/\/rmxnoticias.com\/web\/wp-json\/wp\/v2\/media?parent=25922"}],"wp:term":[{"taxonomy":"category","embeddable":true,"href":"https:\/\/rmxnoticias.com\/web\/wp-json\/wp\/v2\/categories?post=25922"},{"taxonomy":"post_tag","embeddable":true,"href":"https:\/\/rmxnoticias.com\/web\/wp-json\/wp\/v2\/tags?post=25922"}],"curies":[{"name":"wp","href":"https:\/\/api.w.org\/{rel}","templated":true}]}}