{"id":25939,"date":"2026-04-23T01:03:27","date_gmt":"2026-04-23T04:03:27","guid":{"rendered":"http:\/\/rmxnoticias.com\/web\/guerra-de-estados-unidos-e-israel-contra-iran-en-vivo-tension-en-medio-oriente-hoy-jueves-23-de-abril\/"},"modified":"2026-04-23T01:03:27","modified_gmt":"2026-04-23T04:03:27","slug":"guerra-de-estados-unidos-e-israel-contra-iran-en-vivo-tension-en-medio-oriente-hoy-jueves-23-de-abril","status":"publish","type":"post","link":"https:\/\/rmxnoticias.com\/web\/guerra-de-estados-unidos-e-israel-contra-iran-en-vivo-tension-en-medio-oriente-hoy-jueves-23-de-abril\/","title":{"rendered":"Guerra de Estados Unidos e Israel contra Ir\u00e1n, en vivo: tensi\u00f3n en Medio Oriente hoy, jueves 23 de abril"},"content":{"rendered":"<p>El Comando Central de Estados Unidos (CENTCOM, por sus siglas en ingl\u00e9s) afirm\u00f3 que las fuerzas estadounidenses \u201c<b>ordenaron a 31 buques que den la vuelta o regresen a puerto como parte del bloqueo estadounidense contra Ir\u00e1n<\/b>\u201d, la mayor\u00eda de los cuales eran petroleros.<\/p>\n<p>En una actualizaci\u00f3n compartida en las redes sociales, las fuerzas armadas afirmaron que \u201cla mayor\u00eda de los buques han cumplido con las instrucciones de Estados Unidos\u201d.<\/p>\n<p>La operaci\u00f3n para bloquear los puertos iran\u00edes involucra a m\u00e1s de 10.000 soldados estadounidenses, 17 buques de guerra y m\u00e1s de 100 aeronaves, seg\u00fan inform\u00f3 el CENTCOM.<\/p>\n<p>El ex general estadounidense <b>Mark Kimmitt<\/b> declar\u00f3 ante <i>Al Jazeera<\/i> que existen algunos \u201c<b>defectos de funcionamiento<\/b>\u201d en las conversaciones previstas entre L\u00edbano e Israel en Washington, para el jueves, las cuales se producen en medio de un fr\u00e1gil alto el fuego y tienen como objetivo alcanzar un amplio acuerdo para poner fin a d\u00e9cadas de hostilidad.<\/p>\n<p>\u201cLo cierto es que all\u00ed tenemos a Israel, all\u00ed tenemos a L\u00edbano, all\u00ed tenemos a Estados Unidos\u201d, dijo Kimmitt. \u201cPero all\u00ed no tenemos a Hezbollah\u201d, remat\u00f3.<\/p>\n<p>BELEN.- Queda a tan s\u00f3lo diez kil\u00f3metros de <b>Jerusal\u00e9n, <\/b>pero se tarda casi una hora para ir a Bel\u00e9n, la ciudad donde naci\u00f3 <b>Jes\u00fas,<\/b> que se encuentra en<b> Cisjordania, <\/b>bajo la Autoridad Nacional<b> Palestina. <\/b>Rodeada por el llamado<b> \u201cmuro de defensa\u201d <\/b>construido por Israel en 2002 y con sus accesos bajo control israel\u00ed, hay que sortear varios check-points y descubrir -a trav\u00e9s de una app- cu\u00e1l ingreso se encuentra abierto.<\/p>\n<figure><video height=\"960\" width=\"540\" poster=\"https:\/\/cdn.jwplayer.com\/v2\/media\/Ks5SGAQ6\/poster.jpg?width=720\" preload=\"none\"><\/video><figcaption>El papam\u00f3vil que se transform\u00f3 en una cl\u00ednica pedi\u00e1trica<\/figcaption><\/figure>\n<p><a href=\"https:\/\/www.lanacion.com.ar\/sociedad\/a-un-ano-de-su-muerte-la-basilica-donde-nacio-su-vocacion-reune-a-cientos-de-personas-en-homenaje-al-nid21042026\/\" rel=\"\" title=\"https:\/\/www.lanacion.com.ar\/sociedad\/a-un-ano-de-su-muerte-la-basilica-donde-nacio-su-vocacion-reune-a-cientos-de-personas-en-homenaje-al-nid21042026\/\">A un a\u00f1o de la muerte del papa Francisco<\/a> aqu\u00ed, a 200 metros de la Bas\u00edlica de la Natividad, sigue bloqueado el<b> papam\u00f3vil <\/b>que, en uno de sus \u00faltimos deseos, Jorge Bergoglio quiso que se transformara en una <a href=\"https:\/\/www.lanacion.com.ar\/el-mundo\/francisco-y-su-ultimo-regalo-a-gaza-dono-su-papamovil-para-transformarlo-en-una-clinica-de-salud-nid04052025\/\" rel=\"\" title=\"https:\/\/www.lanacion.com.ar\/el-mundo\/francisco-y-su-ultimo-regalo-a-gaza-dono-su-papamovil-para-transformarlo-en-una-clinica-de-salud-nid04052025\/\">cl\u00ednica pedi\u00e1trica m\u00f3vil para los ni\u00f1os de Gaza<\/a>. Aunque el veh\u00edculo ya ha sido acondicionado con todo lo necesario, todav\u00eda no ha obtenido la autorizaci\u00f3n para ingresar a Gaza de parte de las autoridades israel\u00edes, inform\u00f3 la organizaci\u00f3n <i>Vehicle of Hope, <\/i>vinculada a<b> C\u00e1ritas <\/b>Suecia, que se hizo cargo de la realizaci\u00f3n de este \u00faltimo anhelo del papa argentino.<\/p>\n<p><b>Una periodista libanesa muri\u00f3 el mi\u00e9rcoles en un ataque a\u00e9reo israel\u00ed contra una casa en el sur de L\u00edbano<\/b>, donde se hab\u00eda refugiado mientras informaba sobre la guerra entre Israel y Hezbollah. <\/p>\n<p>Su cuerpo fue recuperado horas despu\u00e9s de entre los escombros, indicaron los rescatistas. <b>El diario Al-Akhbar inform\u00f3 que su reportera Amal Khalil muri\u00f3 en la aldea sure\u00f1a de al-Tiri.<\/b><\/p>\n<p><img fetchpriority=\"high\" decoding=\"async\" src=\"https:\/\/resizer.glanacion.com\/resizer\/v2\/7ZWR6YFTL5GXNDAHZNHKLDZ4E4.jpg?auth=36558a431d19776467b72e78cafc678e9905f1a2c342274572065b21999940b7&amp;smart=true&amp;width=6000&amp;height=4000\" alt=\"La periodista libanesa Amal Khalil, del diario Al-Akhbar, informa cerca de un puente destruido en Qasmiyeh, L\u00edbano\" height=\"4000\" width=\"6000\" \/><\/p>\n<p><b>Khalil hab\u00eda cubierto el conflicto en L\u00edbano entre Israel y el grupo pol\u00edtico-paramilitar liban\u00e9s Hezbollah, que se reanud\u00f3 a principios de marzo,<\/b> a la sombra de la guerra entre Estados Unidos e Israel en Ir\u00e1n. <\/p>\n<p>La periodista se refugi\u00f3 en la casa de al-Tiri despu\u00e9s de que un ataque a\u00e9reo israel\u00ed anterior impactara cerca del autom\u00f3vil en el que viajaba con otra colega.<\/p>\n<p>\u200bCobertura en tiempo real con las novedades m\u00e1s importantes del conflicto y las acciones del mandatario estadounidense, Donald Trump\u00a0\u00a0<\/p>","protected":false},"excerpt":{"rendered":"<p>El Comando Central de Estados Unidos (CENTCOM, por sus siglas en ingl\u00e9s) afirm\u00f3 que las fuerzas estadounidenses \u201cordenaron a 31 buques que den la vuelta o regresen a puerto como parte del bloqueo estadounidense contra Ir\u00e1n\u201d, la mayor\u00eda de los cuales eran petroleros. En una actualizaci\u00f3n compartida en las redes sociales, las fuerzas armadas afirmaron [&hellip;]<\/p>\n","protected":false},"author":1,"featured_media":25940,"comment_status":"","ping_status":"open","sticky":false,"template":"","format":"standard","meta":{"footnotes":""},"categories":[14,112],"tags":[],"class_list":["post-25939","post","type-post","status-publish","format-standard","has-post-thumbnail","hentry","category-nacionales","category-ultimas-noticias"],"amp_enabled":true,"_links":{"self":[{"href":"https:\/\/rmxnoticias.com\/web\/wp-json\/wp\/v2\/posts\/25939","targetHints":{"allow":["GET"]}}],"collection":[{"href":"https:\/\/rmxnoticias.com\/web\/wp-json\/wp\/v2\/posts"}],"about":[{"href":"https:\/\/rmxnoticias.com\/web\/wp-json\/wp\/v2\/types\/post"}],"author":[{"embeddable":true,"href":"https:\/\/rmxnoticias.com\/web\/wp-json\/wp\/v2\/users\/1"}],"replies":[{"embeddable":true,"href":"https:\/\/rmxnoticias.com\/web\/wp-json\/wp\/v2\/comments?post=25939"}],"version-history":[{"count":0,"href":"https:\/\/rmxnoticias.com\/web\/wp-json\/wp\/v2\/posts\/25939\/revisions"}],"wp:featuredmedia":[{"embeddable":true,"href":"https:\/\/rmxnoticias.com\/web\/wp-json\/wp\/v2\/media\/25940"}],"wp:attachment":[{"href":"https:\/\/rmxnoticias.com\/web\/wp-json\/wp\/v2\/media?parent=25939"}],"wp:term":[{"taxonomy":"category","embeddable":true,"href":"https:\/\/rmxnoticias.com\/web\/wp-json\/wp\/v2\/categories?post=25939"},{"taxonomy":"post_tag","embeddable":true,"href":"https:\/\/rmxnoticias.com\/web\/wp-json\/wp\/v2\/tags?post=25939"}],"curies":[{"name":"wp","href":"https:\/\/api.w.org\/{rel}","templated":true}]}}