{"id":26170,"date":"2026-04-24T08:32:36","date_gmt":"2026-04-24T11:32:36","guid":{"rendered":"https:\/\/rmxnoticias.com\/web\/javier-milei-acompanara-a-manuel-adorni-en-el-congreso-tras-un-fallo-de-la-justicia-vuelve-a-regir-la-reforma-laboral\/"},"modified":"2026-04-24T08:32:36","modified_gmt":"2026-04-24T11:32:36","slug":"javier-milei-acompanara-a-manuel-adorni-en-el-congreso-tras-un-fallo-de-la-justicia-vuelve-a-regir-la-reforma-laboral","status":"publish","type":"post","link":"https:\/\/rmxnoticias.com\/web\/javier-milei-acompanara-a-manuel-adorni-en-el-congreso-tras-un-fallo-de-la-justicia-vuelve-a-regir-la-reforma-laboral\/","title":{"rendered":"Javier Milei acompa\u00f1ar\u00e1 a Manuel Adorni en el Congreso; tras un fallo de la Justicia vuelve a regir la reforma laboral"},"content":{"rendered":"<ul>\n<li><a href=\"https:\/\/www.lanacion.com.ar\/politica\/javier-milei-dio-detalles-de-su-reunion-con-el-magnate-tecnologico-peter-thiel-fue-una-reunion-nid23042026\/\" target=\"_blank\" rel=\"noreferrer\" title=\"https:\/\/www.lanacion.com.ar\/politica\/javier-milei-dio-detalles-de-su-reunion-con-el-magnate-tecnologico-peter-thiel-fue-una-reunion-nid23042026\/\">Milei dijo que va a acompa\u00f1ar a Adorni en el Congreso cuando d\u00e9 su informe de gesti\u00f3n<\/a>. El Presidente afirm\u00f3 que estar\u00e1 con el Jefe de Gabinete, que es investigado por presunto enriquecimiento il\u00edcito, el mi\u00e9rcoles cuando exponga en Diputados, como clara muestra de respaldo al funcionario. \u201cManuel dar\u00e1 las respuestas que corresponden. Nosotros estamos muy tranquilos\u201d, dijo el mandatario, que tambi\u00e9n confirm\u00f3 que se va a presentar por la reelecci\u00f3n. <\/li>\n<li><a href=\"https:\/\/www.lanacion.com.ar\/politica\/punto-por-punto-como-quedo-la-reforma-laboral-tras-el-aval-de-la-camara-del-trabajo-nid23042026\/\" target=\"_blank\" rel=\"noreferrer\" title=\"https:\/\/www.lanacion.com.ar\/politica\/punto-por-punto-como-quedo-la-reforma-laboral-tras-el-aval-de-la-camara-del-trabajo-nid23042026\/\">Vuelve a regir la reforma laboral<\/a>. La C\u00e1mara Nacional de Apelaciones del Trabajo dej\u00f3 sin efecto la medida cautelar interpuesta por la CGT que hab\u00eda suspendido la aplicaci\u00f3n de m\u00e1s de 80 art\u00edculos de la reforma laboral aprobada por el Congreso. De esta manera vuelve a entrar en vigencia la norma, que trae cambios en los c\u00e1lculos de las indemnizaciones, vacaciones, entre otros puntos importantes.<\/li>\n<li><a href=\"https:\/\/www.lanacion.com.ar\/politica\/el-gobierno-declaro-ilegal-el-paro-en-el-servicio-meteorologico-nacional-y-el-gremio-evalua-los-nid23042026\/\" target=\"_blank\" rel=\"noreferrer\" title=\"https:\/\/www.lanacion.com.ar\/politica\/el-gobierno-declaro-ilegal-el-paro-en-el-servicio-meteorologico-nacional-y-el-gremio-evalua-los-nid23042026\/\">Levantaron el paro del Servicio Meteorol\u00f3gico Nacional<\/a>. El Gobierno declar\u00f3 ilegal la medida de fuerza: sostuvo que la actividad en el organismo es esencial. ATE levant\u00f3 el paro que hab\u00eda sido convocado contra los despidos en el organismo, y que iba a provocar que desde las 5 de la ma\u00f1ana de hoy hasta el mediod\u00eda no se publicaran datos del estado del tiempo ni advertencias oficiales. <\/li>\n<li><a href=\"https:\/\/www.lanacion.com.ar\/estados-unidos\/trump-invitara-a-putin-a-la-cumbre-del-g20-en-florida-seria-muy-util-nid23042026\/\" target=\"_blank\" rel=\"noreferrer\" title=\"https:\/\/www.lanacion.com.ar\/estados-unidos\/trump-invitara-a-putin-a-la-cumbre-del-g20-en-florida-seria-muy-util-nid23042026\/\">Donald Trump va a invitar a Putin a la cumbre del G20 de diciembre en Florida<\/a>. El republicano dijo que \u201cresultar\u00eda muy \u00fatil\u201d que su par ruso asistiera, mientras funcionarios del gobierno afirmaron que prev\u00e9n enviar la invitaci\u00f3n. Putin no asisti\u00f3 a las \u00faltimas reuniones por la orden de arresto de la Corte Penal Internacional en su contra por cr\u00edmenes de guerra en Ucrania. <\/li>\n<li><a href=\"https:\/\/www.lanacion.com.ar\/deportes\/futbol\/boca-goleo-a-defensa-y-justicia-prolongo-la-serie-invicta-y-accedio-a-los-playoffs-del-apertura-nid23042026\/\" target=\"_blank\" rel=\"noreferrer\" title=\"https:\/\/www.lanacion.com.ar\/deportes\/futbol\/boca-goleo-a-defensa-y-justicia-prolongo-la-serie-invicta-y-accedio-a-los-playoffs-del-apertura-nid23042026\/\">Boca gole\u00f3 y lleg\u00f3 a los playoffs del Apertura<\/a>. Con goles de Milton Gim\u00e9nez, Velasco, Bareiro y Merentiel, los xeneizes superaron 4 a 0 a Defensa y Justicia en Florencio Varela. De esta manera, Boca se clasific\u00f3 para los octavos de final del torneo. Hoy sigue la fecha con 5 partidos con la presencia de Independiente, Racing y San Lorenzo.<\/li>\n<\/ul>\n<h2>Qu\u00e9 es \u201cLo que hay que saber\u201d y d\u00f3nde lo pod\u00e9s escuchar<\/h2>\n<p><b>Lo que hay que saber<\/b> es un resumen de noticias que hace Brenda Brecher, y que se publica de lunes a viernes en dos ediciones, por la ma\u00f1ana y por la tarde; tambi\u00e9n tiene una edici\u00f3n de fin de semana. Lo encontr\u00e1s <a href=\"https:\/\/www.lanacion.com.ar\/tema\/lo-que-hay-que-saber-tid46736\/\">en LA NACION<\/a> y en <a href=\"https:\/\/t.co\/gLxEepOhK6?amp=1\">Spotify<\/a>, <a href=\"https:\/\/t.co\/Jbyk1lgUPf?amp=1\">iTunes<\/a> o <a href=\"https:\/\/music.youtube.com\/playlist?list=PL0yzA5B4cXVptGtEi_sKJ5m6rGqKdv9IU\" target=\"_self\" rel=\"\" title=\"https:\/\/music.youtube.com\/playlist?list=PL0yzA5B4cXVptGtEi_sKJ5m6rGqKdv9IU\">YouTube<\/a>, entre otras plataformas de audio. Tambi\u00e9n est\u00e1 <a href=\"https:\/\/www.lanacion.com.ar\/tecnologia\/las-noticias-la-nacion-tu-google-assistant-nid2191558\/\">integrado en el Asistente de Google<\/a> y <a href=\"https:\/\/www.amazon.com\/dp\/B08Y9328W6\/?ref-suffix=ss_copy\">en el de Amazon, Alexa<\/a>, y es parte de la oferta de podcasts de LA NACION.<\/p>\n<p>\u200bAdem\u00e1s, el SMN levant\u00f3 el paro; Trump invitar\u00e1 a Putin al G20; Boca gole\u00f3 a Defensa y Justicia. Estas son las noticias de la ma\u00f1ana del viernes 24 de abril de 2026\u00a0\u00a0<\/p>","protected":false},"excerpt":{"rendered":"<p>Milei dijo que va a acompa\u00f1ar a Adorni en el Congreso cuando d\u00e9 su informe de gesti\u00f3n. El Presidente afirm\u00f3 que estar\u00e1 con el Jefe de Gabinete, que es investigado por presunto enriquecimiento il\u00edcito, el mi\u00e9rcoles cuando exponga en Diputados, como clara muestra de respaldo al funcionario. \u201cManuel dar\u00e1 las respuestas que corresponden. Nosotros estamos [&hellip;]<\/p>\n","protected":false},"author":1,"featured_media":26171,"comment_status":"","ping_status":"open","sticky":false,"template":"","format":"standard","meta":{"footnotes":""},"categories":[14,112],"tags":[],"class_list":["post-26170","post","type-post","status-publish","format-standard","has-post-thumbnail","hentry","category-nacionales","category-ultimas-noticias"],"amp_enabled":true,"_links":{"self":[{"href":"https:\/\/rmxnoticias.com\/web\/wp-json\/wp\/v2\/posts\/26170","targetHints":{"allow":["GET"]}}],"collection":[{"href":"https:\/\/rmxnoticias.com\/web\/wp-json\/wp\/v2\/posts"}],"about":[{"href":"https:\/\/rmxnoticias.com\/web\/wp-json\/wp\/v2\/types\/post"}],"author":[{"embeddable":true,"href":"https:\/\/rmxnoticias.com\/web\/wp-json\/wp\/v2\/users\/1"}],"replies":[{"embeddable":true,"href":"https:\/\/rmxnoticias.com\/web\/wp-json\/wp\/v2\/comments?post=26170"}],"version-history":[{"count":0,"href":"https:\/\/rmxnoticias.com\/web\/wp-json\/wp\/v2\/posts\/26170\/revisions"}],"wp:featuredmedia":[{"embeddable":true,"href":"https:\/\/rmxnoticias.com\/web\/wp-json\/wp\/v2\/media\/26171"}],"wp:attachment":[{"href":"https:\/\/rmxnoticias.com\/web\/wp-json\/wp\/v2\/media?parent=26170"}],"wp:term":[{"taxonomy":"category","embeddable":true,"href":"https:\/\/rmxnoticias.com\/web\/wp-json\/wp\/v2\/categories?post=26170"},{"taxonomy":"post_tag","embeddable":true,"href":"https:\/\/rmxnoticias.com\/web\/wp-json\/wp\/v2\/tags?post=26170"}],"curies":[{"name":"wp","href":"https:\/\/api.w.org\/{rel}","templated":true}]}}