{"id":26174,"date":"2026-04-24T09:44:17","date_gmt":"2026-04-24T12:44:17","guid":{"rendered":"http:\/\/rmxnoticias.com\/web\/tildo-de-cornudo-y-coimero-a-su-expareja-en-redes-y-la-justicia-la-condeno-a-pagar-30-millones\/"},"modified":"2026-04-24T09:44:17","modified_gmt":"2026-04-24T12:44:17","slug":"tildo-de-cornudo-y-coimero-a-su-expareja-en-redes-y-la-justicia-la-condeno-a-pagar-30-millones","status":"publish","type":"post","link":"https:\/\/rmxnoticias.com\/web\/tildo-de-cornudo-y-coimero-a-su-expareja-en-redes-y-la-justicia-la-condeno-a-pagar-30-millones\/","title":{"rendered":"Tild\u00f3 de  \u201ccornudo\u201d y \u201ccoimero\u201d a su expareja en redes y la Justicia la conden\u00f3 a pagar $30 millones"},"content":{"rendered":"<p><b>\u201cCornudo\u201d, \u201cchizito\u201d, \u201cpito corto\u201d y \u201ccoimero\u201d fueron solo algunos de los agravios proferidos a lo largo de seis a\u00f1os, hasta esta semana cuando un<\/b> fallo de la Justicia civil de La Rioja puso fin a un litigio y <b>orden\u00f3 que una mujer indemnice a su expareja<\/b>, un agente de la polic\u00eda provincial, por una prolongada serie de ataques en redes sociales. <b>Adem\u00e1s, el fallo la obliga a publicar la sentencia en los mismos espacios digitales<\/b> donde realiz\u00f3 las agresiones. La reparaci\u00f3n econ\u00f3mica fue fijada originalmente en $4 millones, pero la actualizaci\u00f3n por intereses acumulados durante el proceso <b>eleva la cifra a alrededor de $30 millones<\/b>.<\/p>\n<p>La resoluci\u00f3n judicial reconstruye <b>un conflicto que comenz\u00f3 tras la separaci\u00f3n de la pareja en 2019<\/b>. Desde entonces, seg\u00fan se acredit\u00f3 en la causa, la demandada sostuvo <b>una conducta reiterada de publicaciones ofensivas<\/b> dirigidas al hombre. Los mensajes, difundidos tanto desde perfiles propios como mediante cuentas an\u00f3nimas, incluyeron agravios como <b>\u201ccornudo\u201d, \u201cchizito\u201d, \u201cpito corto\u201d y \u201ccoimero\u201d<\/b>, adem\u00e1s de expresiones discriminatorias y la divulgaci\u00f3n de una acusaci\u00f3n falsa vinculada a una enfermedad de transmisi\u00f3n sexual.<\/p>\n<p>El tribunal entendi\u00f3 que <b>no se trat\u00f3 de episodios aislados<\/b> sino de un accionar persistente con la intenci\u00f3n de<b> afectar la imagen p\u00fablica del denunciante<\/b>. En la sentencia se consider\u00f3 probado que el objetivo fue desacreditarlo tanto en su vida personal como en su \u00e1mbito laboral, con consecuencias concretas derivadas de esa exposici\u00f3n p\u00fablica.<\/p>\n<p>El impacto en la carrera del polic\u00eda fue uno de los puntos relevantes evaluados en el expediente. A partir de las publicaciones, <b>la instituci\u00f3n policial inici\u00f3 un sumario administrativo<\/b> que condicion\u00f3 su trayectoria dentro de la fuerza. Seg\u00fan explic\u00f3 su abogado, Pablo Arrieta, \u201c<b>se busc\u00f3 da\u00f1ar su imagen en todos los \u00e1mbitos, tanto el social como el laboral<\/b>\u201d. Esa situaci\u00f3n, agreg\u00f3, incidi\u00f3 directamente en sus posibilidades de progreso profesional.<\/p>\n<p>Uno de los aspectos que analiz\u00f3 la Justicia fue la autor\u00eda de los mensajes difundidos desde cuentas no identificadas. Aunque parte del contenido <b>proven\u00eda de perfiles falsos<\/b>, el tribunal valor\u00f3 la coincidencia en el lenguaje utilizado, las acusaciones espec\u00edficas y la inclusi\u00f3n de datos de la vida privada que <b>solo pod\u00edan ser conocidos por alguien del c\u00edrculo \u00edntimo<\/b>. Esa reiteraci\u00f3n de patrones permiti\u00f3 vincular las publicaciones con la mujer demandada sin necesidad de peritajes t\u00e9cnicos complejos.<\/p>\n<p>Durante el proceso<b> tambi\u00e9n se abord\u00f3 una denuncia por violencia de g\u00e9nero<\/b> impulsada por la acusada, que finalmente <b>no prosper\u00f3<\/b>. De acuerdo con lo expuesto por la defensa del hombre, la investigaci\u00f3n determin\u00f3 que no hab\u00eda elementos que la sostuvieran. \u201c<b>Hay que ser muy criterioso al receptar estas denuncias porque a veces se activan mecanismos que atentan contra derechos de personas inocentes.<\/b> Pudimos comprobar que se trataba de una falsa denuncia y por ende se archivaron las actuaciones\u201d, se\u00f1al\u00f3 Arrieta.<\/p>\n<p>Adem\u00e1s de la indemnizaci\u00f3n, la sentencia incorpora una medida de car\u00e1cter p\u00fablico: <b>la obligaci\u00f3n de difundir el fallo en los mismos espacios digitales donde se realizaron los agravios<\/b>. La decisi\u00f3n apunta a que la reparaci\u00f3n tenga un alcance equivalente al da\u00f1o generado, restituyendo la imagen del damnificado en los \u00e1mbitos donde fue cuestionada.<\/p>\n<p>El pronunciamiento tambi\u00e9n establece que, en caso de incumplimiento del pago, <b>se podr\u00e1 avanzar con la ejecuci\u00f3n de bienes para garantizar el cobro de la suma<\/b> fijada. De este modo, se asegura la efectividad de la condena.<\/p>\n<p>A lo largo de la causa, <b>la Justicia destac\u00f3 el peso que pueden tener las conductas en entornos virtuales<\/b> cuando se sostienen en el tiempo. La reiteraci\u00f3n de mensajes ofensivos y el uso de identidades falsas configuraron, seg\u00fan el fallo, un esquema de hostigamiento que trascendi\u00f3 lo digital y tuvo <b>consecuencias reales en la vida del afectado<\/b>.<\/p>\n<p>El caso se inscribe en una l\u00ednea de decisiones que buscan delimitar responsabilidades por el uso de redes sociales. En ese sentido, el abogado de la v\u00edctima resumi\u00f3 el alcance de la resoluci\u00f3n: \u201c<b>No cualquiera puede salir a decir cualquier cosa sin tener una consecuencia<\/b>\u201d.<\/p>\n<p>\u200bEl caso tambi\u00e9n incluy\u00f3 una denuncia por violencia de g\u00e9nero que fue desestimada\u00a0\u00a0<\/p>","protected":false},"excerpt":{"rendered":"<p>\u201cCornudo\u201d, \u201cchizito\u201d, \u201cpito corto\u201d y \u201ccoimero\u201d fueron solo algunos de los agravios proferidos a lo largo de seis a\u00f1os, hasta esta semana cuando un fallo de la Justicia civil de La Rioja puso fin a un litigio y orden\u00f3 que una mujer indemnice a su expareja, un agente de la polic\u00eda provincial, por una prolongada [&hellip;]<\/p>\n","protected":false},"author":1,"featured_media":0,"comment_status":"","ping_status":"open","sticky":false,"template":"","format":"standard","meta":{"footnotes":""},"categories":[14,112],"tags":[],"class_list":["post-26174","post","type-post","status-publish","format-standard","hentry","category-nacionales","category-ultimas-noticias"],"amp_enabled":true,"_links":{"self":[{"href":"https:\/\/rmxnoticias.com\/web\/wp-json\/wp\/v2\/posts\/26174","targetHints":{"allow":["GET"]}}],"collection":[{"href":"https:\/\/rmxnoticias.com\/web\/wp-json\/wp\/v2\/posts"}],"about":[{"href":"https:\/\/rmxnoticias.com\/web\/wp-json\/wp\/v2\/types\/post"}],"author":[{"embeddable":true,"href":"https:\/\/rmxnoticias.com\/web\/wp-json\/wp\/v2\/users\/1"}],"replies":[{"embeddable":true,"href":"https:\/\/rmxnoticias.com\/web\/wp-json\/wp\/v2\/comments?post=26174"}],"version-history":[{"count":0,"href":"https:\/\/rmxnoticias.com\/web\/wp-json\/wp\/v2\/posts\/26174\/revisions"}],"wp:attachment":[{"href":"https:\/\/rmxnoticias.com\/web\/wp-json\/wp\/v2\/media?parent=26174"}],"wp:term":[{"taxonomy":"category","embeddable":true,"href":"https:\/\/rmxnoticias.com\/web\/wp-json\/wp\/v2\/categories?post=26174"},{"taxonomy":"post_tag","embeddable":true,"href":"https:\/\/rmxnoticias.com\/web\/wp-json\/wp\/v2\/tags?post=26174"}],"curies":[{"name":"wp","href":"https:\/\/api.w.org\/{rel}","templated":true}]}}