{"id":26333,"date":"2026-04-25T09:00:00","date_gmt":"2026-04-25T12:00:00","guid":{"rendered":"https:\/\/rmxnoticias.com\/web\/conrado-estol-explico-por-que-es-sano-tardar-entre-10-y-15-minutos-para-dormir\/"},"modified":"2026-04-25T09:00:00","modified_gmt":"2026-04-25T12:00:00","slug":"conrado-estol-explico-por-que-es-sano-tardar-entre-10-y-15-minutos-para-dormir","status":"publish","type":"post","link":"https:\/\/rmxnoticias.com\/web\/conrado-estol-explico-por-que-es-sano-tardar-entre-10-y-15-minutos-para-dormir\/","title":{"rendered":"Conrado Estol explic\u00f3 por qu\u00e9 es sano tardar entre 10 y 15 minutos para dormir"},"content":{"rendered":"<p><b>\u201cCasi el 40% de la poblaci\u00f3n duerme menos de lo necesario\u201d<\/b>, afirm\u00f3 el neur\u00f3logo <a href=\"https:\/\/www.lanacion.com.ar\/sociedad\/conrado-estol-que-es-el-insomnio-a-que-esta-relacionado-y-cuales-son-los-tres-pilares-para-dormir-nid27112025\/\" target=\"_blank\" rel=\"noreferrer\" title=\"https:\/\/www.lanacion.com.ar\/sociedad\/conrado-estol-que-es-el-insomnio-a-que-esta-relacionado-y-cuales-son-los-tres-pilares-para-dormir-nid27112025\/\"><b>Conrado Estol<\/b><\/a>, al hablar acerca de la importancia de un buen descanso. Adem\u00e1s, explic\u00f3 cu\u00e1les son las tres claves para un correcto descanso reparador.<\/p>\n<p>Seg\u00fan explic\u00f3 el profesional, despu\u00e9s de los 65 a\u00f1os, <b>el 15% tiene dificultad para dormirse<\/b>, <b>el 20% para mantenerse dormido<\/b> y<b> el 35% se despierta demasiado temprano<\/b>. <\/p>\n<p>En ese sentido, propuso realizar una prueba sencilla: <b>\u201cSi alguien se duerme en menos de cinco minutos, no es un talento envidiable, sino una se\u00f1al de d\u00e9ficit cr\u00f3nico de sue\u00f1o<\/b>. Normalmente son necesarios 10 a 15 minutos para quedar dormido\u201d.<\/p>\n<p><img fetchpriority=\"high\" decoding=\"async\" src=\"https:\/\/resizer.glanacion.com\/resizer\/v2\/OWENKAPJHREWXE72DF5W63OVZU.jpg?auth=344f5ef5fa119d99dc6810c4a8af795aaf2b5bceecf36007db1d207ba8f548d3&amp;smart=true&amp;width=2000&amp;height=1333\" alt=\"El especialista revel\u00f3 los tres pilares para dormir bien\" height=\"1333\" width=\"2000\" \/><\/p>\n<h1>Cu\u00e1les son las tres claves para un sue\u00f1o reparador<\/h1>\n<p><b>Estol subray\u00f3 que la primera clave de dormir no es solo cuesti\u00f3n de horas: la regularidad es igual o m\u00e1s importante<\/b>. Al mismo tiempo, a\u00f1adi\u00f3: \u201cQuienes mantienen horarios consistentes de sue\u00f1o \u2013incluso fin de semana\u2013<b> reducen el riesgo de muerte por cualquier causa, incluso c\u00e1ncer o enfermedades cardiovasculares\u201d<\/b>.<\/p>\n<p>En segundo lugar, expres\u00f3: \u201cQuienes tienen m\u00e1s dificultad para levantarse temprano los lunes es por el desarreglo horario que han hecho durante el fin de semana. <b>Y ese cambio de horario de sue\u00f1o entre d\u00edas de semana y fin de semana aumenta el riesgo de depresi\u00f3n<\/b>. Un estudio de biopsia muscular en j\u00f3venes que durmieron pocas horas mostr\u00f3 un cambio significativo con aumento de todos los marcadores de inflamaci\u00f3n y lesi\u00f3n celular\u201d.<\/p>\n<p><b>El tercer pilar es la calidad, que se mide como la proporci\u00f3n del tiempo efectivamente dormido en la cama<\/b>. Lo ideal es un 85% o m\u00e1s. <b>\u201cLas personas que no alcancen el n\u00famero adecuado de horas durmiendo est\u00e1n expuestas a duplicar su riesgo de demencia\u201d<\/b>, cerr\u00f3 Estol.<\/p>\n<p>\u200bEl neur\u00f3logo subray\u00f3 la importancia de tener una conducta adecuada a la hora de dormir para poder descansar y rendir mejor al d\u00eda siguiente\u00a0\u00a0<\/p>","protected":false},"excerpt":{"rendered":"<p>\u201cCasi el 40% de la poblaci\u00f3n duerme menos de lo necesario\u201d, afirm\u00f3 el neur\u00f3logo Conrado Estol, al hablar acerca de la importancia de un buen descanso. Adem\u00e1s, explic\u00f3 cu\u00e1les son las tres claves para un correcto descanso reparador. Seg\u00fan explic\u00f3 el profesional, despu\u00e9s de los 65 a\u00f1os, el 15% tiene dificultad para dormirse, el 20% [&hellip;]<\/p>\n","protected":false},"author":1,"featured_media":26334,"comment_status":"","ping_status":"open","sticky":false,"template":"","format":"standard","meta":{"footnotes":""},"categories":[14,112],"tags":[],"class_list":["post-26333","post","type-post","status-publish","format-standard","has-post-thumbnail","hentry","category-nacionales","category-ultimas-noticias"],"amp_enabled":true,"_links":{"self":[{"href":"https:\/\/rmxnoticias.com\/web\/wp-json\/wp\/v2\/posts\/26333","targetHints":{"allow":["GET"]}}],"collection":[{"href":"https:\/\/rmxnoticias.com\/web\/wp-json\/wp\/v2\/posts"}],"about":[{"href":"https:\/\/rmxnoticias.com\/web\/wp-json\/wp\/v2\/types\/post"}],"author":[{"embeddable":true,"href":"https:\/\/rmxnoticias.com\/web\/wp-json\/wp\/v2\/users\/1"}],"replies":[{"embeddable":true,"href":"https:\/\/rmxnoticias.com\/web\/wp-json\/wp\/v2\/comments?post=26333"}],"version-history":[{"count":0,"href":"https:\/\/rmxnoticias.com\/web\/wp-json\/wp\/v2\/posts\/26333\/revisions"}],"wp:featuredmedia":[{"embeddable":true,"href":"https:\/\/rmxnoticias.com\/web\/wp-json\/wp\/v2\/media\/26334"}],"wp:attachment":[{"href":"https:\/\/rmxnoticias.com\/web\/wp-json\/wp\/v2\/media?parent=26333"}],"wp:term":[{"taxonomy":"category","embeddable":true,"href":"https:\/\/rmxnoticias.com\/web\/wp-json\/wp\/v2\/categories?post=26333"},{"taxonomy":"post_tag","embeddable":true,"href":"https:\/\/rmxnoticias.com\/web\/wp-json\/wp\/v2\/tags?post=26333"}],"curies":[{"name":"wp","href":"https:\/\/api.w.org\/{rel}","templated":true}]}}