{"id":26359,"date":"2026-04-25T11:57:00","date_gmt":"2026-04-25T14:57:00","guid":{"rendered":"https:\/\/rmxnoticias.com\/web\/a-partir-del-1-de-julio-los-nuevos-precios-de-las-tarifas-de-traslados-en-ambulancias-en-nueva-york\/"},"modified":"2026-04-25T11:57:00","modified_gmt":"2026-04-25T14:57:00","slug":"a-partir-del-1-de-julio-los-nuevos-precios-de-las-tarifas-de-traslados-en-ambulancias-en-nueva-york","status":"publish","type":"post","link":"https:\/\/rmxnoticias.com\/web\/a-partir-del-1-de-julio-los-nuevos-precios-de-las-tarifas-de-traslados-en-ambulancias-en-nueva-york\/","title":{"rendered":"A partir del 1\u00b0 de julio: los nuevos precios de las tarifas de traslados en ambulancias en Nueva York"},"content":{"rendered":"<p>El <b>Departamento de Bomberos de la ciudad de Nueva York<\/b> (<b>FDNY<\/b>, por sus siglas en ingl\u00e9s) public\u00f3 una <b>nueva propuesta<\/b> para <a href=\"https:\/\/www.lanacion.com.ar\/estados-unidos\/nueva-york\/cuanto-cuesta-alquilar-en-nueva-york-en-marzo-de-2026-y-que-limites-existen-para-los-aumentos-nid29032026\/\" target=\"_self\" rel=\"\" title=\"https:\/\/www.lanacion.com.ar\/estados-unidos\/nueva-york\/cuanto-cuesta-alquilar-en-nueva-york-en-marzo-de-2026-y-que-limites-existen-para-los-aumentos-nid29032026\/\"><b>aumentar los precios<\/b><\/a><b> de las tarifas de traslados en ambulancias<\/b>. La medida responde al incremento en los gastos operativos y de personal, y pretende reducir el costo que recae en los contribuyentes. De aprobarse, los <b>cambios entrar\u00e1n en vigor el<\/b> <b>1\u00b0 de julio de 2026<\/b>.<\/p>\n<h1>Cu\u00e1nto costar\u00eda un traslado en ambulancia del FDNY en Nueva York en 2026<\/h1>\n<p>La <a href=\"https:\/\/www.nyc.gov\/assets\/fdny\/downloads\/pdf\/about\/Proposed-rule-ambulance-services-2026-04-15.pdf\" target=\"_blank\" rel=\"noreferrer\" title=\"https:\/\/www.nyc.gov\/assets\/fdny\/downloads\/pdf\/about\/Proposed-rule-ambulance-services-2026-04-15.pdf\">propuesta<\/a> del FDNY, emitida el 31 de marzo, busca ajustar los costos de <a href=\"https:\/\/www.lanacion.com.ar\/estados-unidos\/la-organizacion-que-da-atencion-medica-dental-y-de-vision-gratis-a-miles-en-eeuu-sin-hacer-preguntas-nid11042026\/\" target=\"_self\" rel=\"\" title=\"https:\/\/www.lanacion.com.ar\/estados-unidos\/la-organizacion-que-da-atencion-medica-dental-y-de-vision-gratis-a-miles-en-eeuu-sin-hacer-preguntas-nid11042026\/\"><b>atenci\u00f3n para<\/b> <b>pacientes<\/b><\/a><b> y aseguradoras <\/b>a causa del incremento en los gastos operativos y de personal. El ajuste incluye aumentos espec\u00edficos en servicios de <b>soporte vital b\u00e1sico y avanzado<\/b>, as\u00ed como en los cargos por <b>kilometraje y suministro de ox\u00edgeno<\/b>.<\/p>\n<p><img fetchpriority=\"high\" decoding=\"async\" src=\"https:\/\/resizer.glanacion.com\/resizer\/v2\/P7FYL5P44NGJZPD3QINWANH6PE.jpg?auth=1d4a46d5264fcd71859e85a68633cd500edbe640406c3d29abd22b67188e2806&amp;smart=true&amp;width=2000&amp;height=1333\" alt=\"Con los cambios propuestos a las tarifas, el servicio b\u00e1sico de soporte vital de las ambulancias aumentar\u00eda de 1385 a 1793 d\u00f3lares\" height=\"1333\" width=\"2000\" \/><\/p>\n<p>Seg\u00fan el FDNY, el prop\u00f3sito es <b>reducir la carga financiera que actualmente recae sobre los contribuyentes<\/b> <b>de la ciudad<\/b>. Las tarifas no se ajustan desde mayo de 2023. En concreto, los aumentos incluyen:<\/p>\n<ul>\n<li><b>Ambulancia de Soporte Vital B\u00e1sico (BLS):<\/b> incrementar\u00eda de 1385 a 1793 d\u00f3lares.<\/li>\n<li><b>Tratamiento de Soporte Vital B\u00e1sico en el lugar:<\/b> subir\u00eda de US$630<i> a US$<\/i>896.<\/li>\n<li><b>Soporte Vital Avanzado Nivel 1 (ALS1):<\/b> de US$1680 a US$2196.<\/li>\n<li><b>Soporte Vital Avanzado Nivel 2 (ALS2):<\/b> de US$1692 a US$2212.<\/li>\n<li><b>Cargos adicionales:<\/b> se mantendr\u00eda el cobro de US$20 por milla<i> <\/i>recorrida y US$66 por la provisi\u00f3n de ox\u00edgeno.<\/li>\n<\/ul>\n<p>El traslado en ambulancia mediante el <b>sistema 911 <\/b>experimentar\u00e1 una <b>suba del 29%<\/b>. En el caso del servicio a domicilio, el cambio ser\u00e1 de un 42%.<\/p>\n<h1>C\u00f3mo enviar comentarios sobre el aumento de tarifas de ambulancias del FDNY<\/h1>\n<p>La medida a\u00fan no es oficial, sino que de aprobarse entrar\u00eda en vigor el <b>1\u00b0 de julio de 2026<\/b>. Previamente se llevar\u00e1 a cabo una audiencia virtual el <b>15 de mayo de 2026 a las 11 hs.<\/b> a trav\u00e9s de Microsoft Teams. All\u00ed, los ciudadanos podr\u00e1n manifestar sus opiniones al respecto.<\/p>\n<p>Las personas pueden <b>enviar comentarios escritos hasta el 15 de mayo<\/b>. Despu\u00e9s de esa fecha, en la que se realizar\u00e1 el evento p\u00fablico, no se aceptar\u00e1n nuevas opiniones. Para hacerlo, deben ingresar al <a href=\"http:\/\/rules.cityofnewyork.us\/\" target=\"_blank\" rel=\"noreferrer\" title=\"http:\/\/rules.cityofnewyork.us\">sitio web<\/a> de la ciudad o mediante la p\u00e1gina del FDNY. Adem\u00e1s, existen otras alternativas:<\/p>\n<ul>\n<li><b>Por correo<\/b>: se pueden enviar los comentarios escritos a la Unidad de Desarrollo de C\u00f3digos, Oficina de Asuntos Legales, Departamento de Bomberos de la Ciudad de Nueva York, 9 MetroTech Center, Habitaci\u00f3n 4W-6, Brooklyn, NY 11201.<\/li>\n<li><b>En la audiencia<\/b>: cualquiera que quiera comentar sobre la regla propuesta en la audiencia p\u00fablica en l\u00ednea debe inscribirse enviando un correo a code.develop@fdnyc.gov. Recibir\u00e1 un correo electr\u00f3nico de respuesta con un enlace a la informaci\u00f3n sobre la reuni\u00f3n y la llamada a Microsoft Teams. El tiempo de participaci\u00f3n en la reuni\u00f3n podr\u00eda ser limitado.<\/li>\n<\/ul>\n<h1>Por qu\u00e9 el FDNY quiere aumentar los costos de ambulancias en Nueva York<\/h1>\n<p>La propuesta del incremento de los precios para los traslados en ambulancia surge en un contexto de incertidumbre laboral. El <b>contrato para los param\u00e9dicos expir\u00f3 en 2022<\/b>, y se <b>prev\u00e9n aumentos salariales con cualquier nuevo acuerdo<\/b>.<\/p>\n<p>La crisis, seg\u00fan los sindicatos, se basa en que los <b>trabajadores de los servicios de emergencia<\/b> <b>cobran menos que los bomberos y otros socorristas uniformados<\/b>, de acuerdo con <a href=\"https:\/\/nypost.com\/2026\/04\/20\/us-news\/fdny-plans-to-hike-cost-of-ambulance-rides-by-29-increase-on-site-emergency-treatment-by-42\/\" target=\"_blank\" rel=\"noreferrer\" title=\"https:\/\/nypost.com\/2026\/04\/20\/us-news\/fdny-plans-to-hike-cost-of-ambulance-rides-by-29-increase-on-site-emergency-treatment-by-42\/\"><i>The New York Post<\/i><\/a>.<\/p>\n<p><img decoding=\"async\" src=\"https:\/\/resizer.glanacion.com\/resizer\/v2\/7ZLE2EFP4BG5JC2NASZYO3UDJ4.jpg?auth=bb731cdc6996be59104ac670ec815cf5a748e4fb3a3ae00003bb979baf089643&amp;smart=true&amp;width=2000&amp;height=1333\" alt=\"Los l\u00edderes sindicales reclaman un incremento de salario debido a que los trabajadores de las ambulancias ganan menos que otros empleados del sector de salud\" height=\"1333\" width=\"2000\" \/><\/p>\n<p>\u201cEs posible que la ciudad est\u00e9 aumentando las tarifas del servicio de ambulancias, pero a menos que <b>aborde las enormes disparidades salariales<\/b> que sufren los t\u00e9cnicos de emergencias m\u00e9dicas y los param\u00e9dicos \u2014que en su mayor\u00eda son negros, hispanos y mujeres\u2014 <b>no tendr\u00e1 suficiente personal capacitado para operar o brindar atenci\u00f3n en esas ambulancias<\/b>\u201d, expresaron los l\u00edderes sindicales Oren Barzilay y Vincent Variale en un comunicado.<\/p>\n<p>En sus declaraciones, los l\u00edderes sindicales se\u00f1alaron que esperan que el <a href=\"https:\/\/www.lanacion.com.ar\/estados-unidos\/nueva-york\/estado-de-emergencia-en-nueva-york-mamdani-extiende-una-orden-ejecutiva-por-cinco-dias-nid21042026\/\" target=\"_self\" rel=\"\" title=\"https:\/\/www.lanacion.com.ar\/estados-unidos\/nueva-york\/estado-de-emergencia-en-nueva-york-mamdani-extiende-una-orden-ejecutiva-por-cinco-dias-nid21042026\/\"><b>alcalde dem\u00f3crata de Nueva York<\/b>, <b>Zohran Mamdani<\/b><\/a>, <b>aborde la disparidad salarial<\/b> entre los empleados de los servicios de emergencias m\u00e9dicas y otros trabajadores municipales.<\/p>\n<p>\u200bEl FDNY propuso aumentar los costos de ambulancias en Nueva York desde julio de 2026 por mayores gastos operativos y salariales. Conoc\u00e9 los montos.\u00a0\u00a0<\/p>","protected":false},"excerpt":{"rendered":"<p>El Departamento de Bomberos de la ciudad de Nueva York (FDNY, por sus siglas en ingl\u00e9s) public\u00f3 una nueva propuesta para aumentar los precios de las tarifas de traslados en ambulancias. La medida responde al incremento en los gastos operativos y de personal, y pretende reducir el costo que recae en los contribuyentes. De aprobarse, [&hellip;]<\/p>\n","protected":false},"author":1,"featured_media":26360,"comment_status":"","ping_status":"open","sticky":false,"template":"","format":"standard","meta":{"footnotes":""},"categories":[14,112],"tags":[],"class_list":["post-26359","post","type-post","status-publish","format-standard","has-post-thumbnail","hentry","category-nacionales","category-ultimas-noticias"],"amp_enabled":true,"_links":{"self":[{"href":"https:\/\/rmxnoticias.com\/web\/wp-json\/wp\/v2\/posts\/26359","targetHints":{"allow":["GET"]}}],"collection":[{"href":"https:\/\/rmxnoticias.com\/web\/wp-json\/wp\/v2\/posts"}],"about":[{"href":"https:\/\/rmxnoticias.com\/web\/wp-json\/wp\/v2\/types\/post"}],"author":[{"embeddable":true,"href":"https:\/\/rmxnoticias.com\/web\/wp-json\/wp\/v2\/users\/1"}],"replies":[{"embeddable":true,"href":"https:\/\/rmxnoticias.com\/web\/wp-json\/wp\/v2\/comments?post=26359"}],"version-history":[{"count":0,"href":"https:\/\/rmxnoticias.com\/web\/wp-json\/wp\/v2\/posts\/26359\/revisions"}],"wp:featuredmedia":[{"embeddable":true,"href":"https:\/\/rmxnoticias.com\/web\/wp-json\/wp\/v2\/media\/26360"}],"wp:attachment":[{"href":"https:\/\/rmxnoticias.com\/web\/wp-json\/wp\/v2\/media?parent=26359"}],"wp:term":[{"taxonomy":"category","embeddable":true,"href":"https:\/\/rmxnoticias.com\/web\/wp-json\/wp\/v2\/categories?post=26359"},{"taxonomy":"post_tag","embeddable":true,"href":"https:\/\/rmxnoticias.com\/web\/wp-json\/wp\/v2\/tags?post=26359"}],"curies":[{"name":"wp","href":"https:\/\/api.w.org\/{rel}","templated":true}]}}