{"id":26687,"date":"2026-04-27T10:27:01","date_gmt":"2026-04-27T13:27:01","guid":{"rendered":"https:\/\/rmxnoticias.com\/web\/pronostico-del-tiempo-cuando-sera-el-dia-mas-frio-de-la-semana-segun-el-smn\/"},"modified":"2026-04-27T10:27:01","modified_gmt":"2026-04-27T13:27:01","slug":"pronostico-del-tiempo-cuando-sera-el-dia-mas-frio-de-la-semana-segun-el-smn","status":"publish","type":"post","link":"https:\/\/rmxnoticias.com\/web\/pronostico-del-tiempo-cuando-sera-el-dia-mas-frio-de-la-semana-segun-el-smn\/","title":{"rendered":"Pron\u00f3stico del tiempo: cu\u00e1ndo ser\u00e1 el d\u00eda m\u00e1s fr\u00edo de la semana, seg\u00fan el SMN"},"content":{"rendered":"<p>Tras la inestabilidad que predomin\u00f3 durante la semana, el <a href=\"https:\/\/www.lanacion.com.ar\/sociedad\/se-vienen-24-horas-de-tormentas-de-fuerte-intensidad-caida-de-granizo-y-110-mm-de-agua-acumulada-las-nid21042026\/\" target=\"_blank\" rel=\"noreferrer\" title=\"https:\/\/www.lanacion.com.ar\/sociedad\/se-vienen-24-horas-de-tormentas-de-fuerte-intensidad-caida-de-granizo-y-110-mm-de-agua-acumulada-las-nid21042026\/\"><b>Servicio Meteorol\u00f3gico Nacional<\/b><\/a> (SMN) <b>prev\u00e9 este lunes 27 de abril un brusco descenso t\u00e9rmico que incluir\u00e1 tambi\u00e9n fuertes r\u00e1fagas de viento<\/b>. <\/p>\n<p>Seg\u00fan el ente, la jornada iniciar\u00e1 con <b>nubosidad que se disipar\u00e1 con la salida del sol durante las primeras horas<\/b>. La <b>m\u00ednima ser\u00e1 de 7\u00b0C<\/b> y la m\u00e1xima no superar\u00e1 los 18\u00b0C por la tarde. Por el momento, <b>se descart\u00f3 la probabilidad de precipitaciones<\/b>.<\/p>\n<figure><video height=\"720\" width=\"1280\" poster=\"https:\/\/cdn.jwplayer.com\/v2\/media\/7HdqUZgq\/poster.jpg?width=1280\" preload=\"none\"><\/video><figcaption>El pronostico del tiempo<\/figcaption><\/figure>\n<h1>C\u00f3mo seguir\u00e1 el tiempo en la Ciudad<\/h1>\n<p>El <b>lunes<\/b> se espera <b>una temperatura m\u00ednima debajo de 10\u00b0C, que descender\u00e1 hasta 7\u00b0C a la ma\u00f1ana<\/b>. A la tarde, la <b>temperatura m\u00e1xima ser\u00e1 de 18\u00b0C<\/b>. El <b>martes<\/b> se prev\u00e9 una <b>m\u00ednima de 11\u00b0C<\/b> y <b>m\u00e1xima de 18\u00b0C<\/b>.<\/p>\n<p>El <b>mi\u00e9rcoles<\/b>, en tanto, se estima una<b> m\u00ednima de 13\u00b0C<\/b> y una <b>m\u00e1xima de 23\u00b0C<\/b>. <\/p>\n<p><img fetchpriority=\"high\" decoding=\"async\" src=\"https:\/\/resizer.glanacion.com\/resizer\/v2\/3SELV5HNQFGH5LTXTHE5Q3OHXA.png?auth=f386bbe161ba25b5938e590adcec1dd4060d5186b8cb196dfa43d86e0b41aafb&amp;smart=true&amp;width=1723&amp;height=517\" alt=\"El pron\u00f3stico del tiempo en la Ciudad\" height=\"517\" width=\"1723\" \/><\/p>\n<h1>Provincias bajo alerta amarilla<\/h1>\n<p>El <b>lunes rige alerta amarilla en Buenos Aires<\/b>. \u201cEl \u00e1rea ser\u00e1 afectada por lluvias persistentes, de moderada a fuerte intensidad. Se prev\u00e9n valores de precipitaci\u00f3n acumulada entre 40 y 80 mm, los cuales podr\u00edan ser superados localmente. Dentro de estas \u00e1reas de precipitaci\u00f3n se dar\u00e1n tambi\u00e9n tormentas embebidas, y no se descarta la ca\u00edda puntual de granizo\u201d, precis\u00f3 el organismo. <\/p>\n<h1>Medidas de prevenci\u00f3n del SMN ante lluvias y tormentas <\/h1>\n<ul>\n<li>Evit\u00e1 salir.<\/li>\n<li>No saques la basura y limpi\u00e1 desag\u00fces y sumideros.<\/li>\n<li>Desconect\u00e1 los electrodom\u00e9sticos y cort\u00e1 el suministro el\u00e9ctrico si ingresa agua.<\/li>\n<li>Cerr\u00e1 y alejate de puertas y ventanas.<\/li>\n<li>Retir\u00e1 o asegur\u00e1 objetos que puedan ser arrastrados por el viento.<\/li>\n<li>Si est\u00e1s al aire libre, busc\u00e1 refugio inmediato en un edificio, casa o veh\u00edculo cerrado.<\/li>\n<\/ul>\n<p>\u200bEl ingreso de un frente polar provocar\u00e1 una marcada baja en la sensaci\u00f3n t\u00e9rmica; se espera una m\u00ednima de 7\u00b0C y una m\u00e1xima de 17\u00b0C\u00a0\u00a0<\/p>","protected":false},"excerpt":{"rendered":"<p>Tras la inestabilidad que predomin\u00f3 durante la semana, el Servicio Meteorol\u00f3gico Nacional (SMN) prev\u00e9 este lunes 27 de abril un brusco descenso t\u00e9rmico que incluir\u00e1 tambi\u00e9n fuertes r\u00e1fagas de viento. Seg\u00fan el ente, la jornada iniciar\u00e1 con nubosidad que se disipar\u00e1 con la salida del sol durante las primeras horas. La m\u00ednima ser\u00e1 de 7\u00b0C [&hellip;]<\/p>\n","protected":false},"author":1,"featured_media":26688,"comment_status":"","ping_status":"open","sticky":false,"template":"","format":"standard","meta":{"footnotes":""},"categories":[14,112],"tags":[],"class_list":["post-26687","post","type-post","status-publish","format-standard","has-post-thumbnail","hentry","category-nacionales","category-ultimas-noticias"],"amp_enabled":true,"_links":{"self":[{"href":"https:\/\/rmxnoticias.com\/web\/wp-json\/wp\/v2\/posts\/26687","targetHints":{"allow":["GET"]}}],"collection":[{"href":"https:\/\/rmxnoticias.com\/web\/wp-json\/wp\/v2\/posts"}],"about":[{"href":"https:\/\/rmxnoticias.com\/web\/wp-json\/wp\/v2\/types\/post"}],"author":[{"embeddable":true,"href":"https:\/\/rmxnoticias.com\/web\/wp-json\/wp\/v2\/users\/1"}],"replies":[{"embeddable":true,"href":"https:\/\/rmxnoticias.com\/web\/wp-json\/wp\/v2\/comments?post=26687"}],"version-history":[{"count":0,"href":"https:\/\/rmxnoticias.com\/web\/wp-json\/wp\/v2\/posts\/26687\/revisions"}],"wp:featuredmedia":[{"embeddable":true,"href":"https:\/\/rmxnoticias.com\/web\/wp-json\/wp\/v2\/media\/26688"}],"wp:attachment":[{"href":"https:\/\/rmxnoticias.com\/web\/wp-json\/wp\/v2\/media?parent=26687"}],"wp:term":[{"taxonomy":"category","embeddable":true,"href":"https:\/\/rmxnoticias.com\/web\/wp-json\/wp\/v2\/categories?post=26687"},{"taxonomy":"post_tag","embeddable":true,"href":"https:\/\/rmxnoticias.com\/web\/wp-json\/wp\/v2\/tags?post=26687"}],"curies":[{"name":"wp","href":"https:\/\/api.w.org\/{rel}","templated":true}]}}