{"id":26693,"date":"2026-04-27T13:03:00","date_gmt":"2026-04-27T16:03:00","guid":{"rendered":"https:\/\/rmxnoticias.com\/web\/?p=26693"},"modified":"2026-04-27T13:03:00","modified_gmt":"2026-04-27T16:03:00","slug":"se-vende-la-historica-mansion-de-franco-macri-en-barrio-parque-2","status":"publish","type":"post","link":"https:\/\/rmxnoticias.com\/web\/se-vende-la-historica-mansion-de-franco-macri-en-barrio-parque-2\/","title":{"rendered":"Se vende la hist\u00f3rica mansi\u00f3n de Franco Macri en Barrio Parque"},"content":{"rendered":"<p>En un<b> mercado inmobiliario que poco a poco va encontrando su reactivaci\u00f3n<\/b>, incluso las propiedades m\u00e1s exclusivas necesitan reconfigurarse. <a href=\"https:\/\/www.lanacion.com.ar\/propiedades\/casas-y-departamentos\/la-casa-de-franco-macri-la-decision-que-tomo-la-familia-porque-la-casa-de-barrio-parque-no-se-vende-nid16062023\/\" target=\"_blank\" rel=\"noreferrer\" title=\"https:\/\/www.lanacion.com.ar\/propiedades\/casas-y-departamentos\/la-casa-de-franco-macri-la-decision-que-tomo-la-familia-porque-la-casa-de-barrio-parque-no-se-vende-nid16062023\/\">La hist\u00f3rica <b>casa que perteneci\u00f3 al empresario Franco Macri<\/b><\/a>, ubicada en <b>uno de los <\/b><a href=\"https:\/\/www.lanacion.com.ar\/propiedades\/casas-y-departamentos\/peter-thiel-magnate-tecnologico-compro-una-casa-en-el-barrio-mas-exclusivos-de-buenos-aires-y-pago-nid23042026\/\" target=\"_blank\" rel=\"noreferrer\" title=\"https:\/\/www.lanacion.com.ar\/propiedades\/casas-y-departamentos\/peter-thiel-magnate-tecnologico-compro-una-casa-en-el-barrio-mas-exclusivos-de-buenos-aires-y-pago-nid23042026\/\"><b>barrios m\u00e1s exclusivos de la ciudad de Buenos Aires<\/b><\/a>, hoy vuelve a escena.<\/p>\n<p>La <b>propiedad de la familia del expresidente Mauricio Macri en Barrio Parque<\/b> sali\u00f3 al mercado por primera vez en 2019 por<b> US$8,9 millones, <\/b>pero ante la falta de consultas en 2022 decidieron rebajar su valor de venta a US$8 millones. Tan solo un a\u00f1o despu\u00e9s, la baja fue a\u00fan m\u00e1s agresiva y se comercializ\u00f3 por <b>US$5,5 millones<\/b>.<\/p>\n<p><a href=\"https:\/\/www.lanacion.com.ar\/propiedades\/casas-y-departamentos\/peter-thiel-magnate-tecnologico-compro-una-casa-en-el-barrio-mas-exclusivos-de-buenos-aires-y-pago-nid23042026\/\">Peter Thiel, fundador de PayPal junto a Elon Musk: compr\u00f3 una mansi\u00f3n en Barrio Parque y pag\u00f3 un precio r\u00e9cord<\/a><\/p>\n<p>Pero en un momento en que todav\u00eda no hab\u00eda comenzado a reacomodarse el mercado, luego de una importante ca\u00edda en los valores de venta pospandemia,<b> a\u00fan con ese precio no logr\u00f3 venderse<\/b>.<\/p>\n<p><img fetchpriority=\"high\" decoding=\"async\" src=\"https:\/\/resizer.glanacion.com\/resizer\/v2\/PP6GKEMDXZA7RCQR5VSLCXOZEQ.jpg?auth=35c91d560c9def1d5c16379ebe4d3fffa64a3912a5898bf951078713f208ec13&amp;smart=true&amp;width=2000&amp;height=1333\" alt=\"Barrio Parque es una de las zonas m\u00e1s exclusivas de la Ciudad\" height=\"1333\" width=\"2000\" \/><\/p>\n<p>Ahora, <b>la propiedad vuelve al mercado <\/b>con un precio en torno a los <b>US$6 millones<\/b>, un valor que, seg\u00fan el broker Mart\u00edn Pinus, fundador y director de Mart\u00edn Pinus Real Estate, la inmobiliaria con foco en lujo que comercializa la propiedad, \u201c<b>est\u00e1 cerca del punto de equilibrio entre el valor aspiracional<\/b>, por su peso arquitect\u00f3nico e hist\u00f3rico, y lo que los compradores est\u00e1n dispuestos a pagar seg\u00fan la l\u00f3gica del mercado\u201d.<\/p>\n<p>El dato no es menor: despu\u00e9s de a\u00f1os de ca\u00eddas y sobreoferta,<b> el segmento de lujo tambi\u00e9n tuvo que ajustarse<\/b>. Y esta casa, que supo cotizar bastante m\u00e1s alto, termin\u00f3 aline\u00e1ndose con el nuevo escenario.<\/p>\n<h1>C\u00f3mo es la casa donde vivi\u00f3 Macri<\/h1>\n<p>La propiedad se encuentra ubicada en una de las <b>zonas m\u00e1s premium de la ciudad y lindera a las embajadas <\/b>de Ir\u00e1n, Hait\u00ed, Arabia Saudita, Indonesia y Polonia, entre otras. Tambi\u00e9n se destacan en su radio de influencia el Museo de Arte Latinoamericano de Buenos Aires (Malba), la avenida Figueroa Alcorta y el shopping Paseo Alcorta.<\/p>\n<p>\u201cEs un inmueble interesante para un <b>segmento de compradores de perfil institucional, corporativo o diplom\u00e1tico <\/b>que podr\u00eda estar interesado en adquirirla. Incluso para fondeos de inversi\u00f3n o <b>empresarios extranjeros<\/b> que eligen tener una residencia en la Argentina\u201d, asegura Pinus.<\/p>\n<p><img decoding=\"async\" src=\"https:\/\/resizer.glanacion.com\/resizer\/v2\/VOSRHG2MSRF63ENXZSSDRDANPQ.jpg?auth=b13173f95bef88f34857fffee6b4c1c9ffb869cfd7e1cf5560457096b96c2887&amp;smart=true&amp;width=2000&amp;height=1333\" alt=\"La propiedad de la familia Macri volvi\u00f3 nuevamente al mercado con un precio en torno a los US$6 millones\" height=\"1333\" width=\"2000\" \/><\/p>\n<p>Y ese perfil ya empez\u00f3 a moverse. A pocas cuadras, <b>en el mismo corredor premium donde vive Susana Gim\u00e9nez,<\/b> el <a href=\"https:\/\/www.lanacion.com.ar\/propiedades\/casas-y-departamentos\/quien-es-el-millonario-que-pago-us12000000-por-una-mansion-en-barrio-parque-frente-a-la-casa-de-nid24042026\/\" target=\"_self\" rel=\"\" title=\"https:\/\/www.lanacion.com.ar\/propiedades\/casas-y-departamentos\/quien-es-el-millonario-que-pago-us12000000-por-una-mansion-en-barrio-parque-frente-a-la-casa-de-nid24042026\/\"><b>magnate estadounidense Peter Thiel<\/b><\/a>, cercano a Javier Milei y Donald Trump, <b>compr\u00f3 recientemente una propiedad por una cifra r\u00e9cord cercana a los US$12 millones<\/b>.<\/p>\n<p>La operaci\u00f3n no solo confirma el renovado inter\u00e9s internacional por activos premium en Buenos Aires, sino que tambi\u00e9n redefine el tipo de demanda al que apunta hoy la casa de la familia Macri.<\/p>\n<p><a href=\"https:\/\/www.lanacion.com.ar\/propiedades\/casas-y-departamentos\/alquileres-puede-el-propietario-o-la-inmobiliaria-exigir-que-el-pago-sea-solo-en-efectivo-nid23042026\/\">Alquileres: \u00bfpuede el propietario o la inmobiliaria exigir que el pago sea solo en efectivo?<\/a><\/p>\n<p><b>La propiedad conocida como Casa Salvadori fue dise\u00f1ada por el arquitecto Antonio Ubaldo Vilar en 1940<\/b> y es uno de los exponentes m\u00e1s puros del racionalismo en la Argentina. Es la mente detr\u00e1s de 180 estaciones del Autom\u00f3vil Club Argentino y otras obras ic\u00f3nicas como el Hind\u00fa Club y el Banco Popular Argentino. Su exclusividad e historia la llevaron a ser sede de eventos culturales como la muestra \u201cMeet The Artist\u201d en 2022.<\/p>\n<p>Desde la vereda ya marca diferencia:<b> 45 metros de frente sobre la exclusiva calle Eduardo Costa<\/b>, con l\u00edneas rectas, blancas y sobrias que contrastan con el entorno m\u00e1s cl\u00e1sico del barrio.<\/p>\n<p><img decoding=\"async\" src=\"https:\/\/resizer.glanacion.com\/resizer\/v2\/7A4C2CBXTBHVXPFNQ7PJJ5TEN4.jpg?auth=1e4d6223bc00f1d814c6f9d082377097c97bb64e2591ba0581c908a337eb37b8&amp;smart=true&amp;width=2000&amp;height=1333\" alt=\"La casa tiene 45 metros de frente sobre la exclusiva calle Eduardo Costa\" height=\"1333\" width=\"2000\" \/><\/p>\n<p>Con<b> 1280 m\u00b2 cubiertos distribuidos en cuatro plantas<\/b>, la casa tiene<b> siete dormitorios, 12 ba\u00f1os <\/b>a los que se puede acceder por un ascensor principal, otro de servicio y una escalera. La<b> planta baja<\/b> de la propiedad tiene un hall de ingreso, una sala de reuniones, un escritorio con ba\u00f1o, salas de oficina y el sector de servicio.<\/p>\n<p><img loading=\"lazy\" decoding=\"async\" src=\"https:\/\/resizer.glanacion.com\/resizer\/v2\/CHC3FTUPXJDLTA45GIXF2H3PIQ.jpg?auth=6f2dea2724edefcd2e415c03c56405235d7e13680d9b07bc1845b3f86c245365&amp;smart=true&amp;width=2000&amp;height=1333\" alt=\"La cocina se encuentra en el primer piso de la vivienda\" height=\"1333\" width=\"2000\" \/><\/p>\n<p><b>En el siguiente nivel se encuentra la planta social, <\/b>con espacios de jerarqu\u00eda. Cuenta con el comedor principal, living, sala de lectura, bar, cocina, comedor diario y dormitorio con balc\u00f3n.<\/p>\n<p><b>Al subir al segundo piso, se puede apreciar el sector m\u00e1s \u00edntimo de la propiedad<\/b>, con living, suite principal con hall, vestidores y ba\u00f1o en suite, dormitorios adicionales, ba\u00f1os completos, cocina con comedor diario y terraza privada.<\/p>\n<p><img loading=\"lazy\" decoding=\"async\" src=\"https:\/\/resizer.glanacion.com\/resizer\/v2\/CDJFYP546ZEZLKIGMDDLEYGQ4E.jpg?auth=cc5e071fa99606095a8261cec63aa6ac06dc06661775a759253b716b9b0dc452&amp;smart=true&amp;width=2000&amp;height=1333\" alt=\"Una de las caracter\u00edsticas que m\u00e1s llama la atenci\u00f3n de la vivienda es que tiene 12 ba\u00f1os\" height=\"1333\" width=\"2000\" \/><\/p>\n<p>Mientras que <b>en el \u00faltimo nivel<\/b> se encuentra un escritorio con ba\u00f1o, un gran sal\u00f3n de estar, gimnasio y una terraza con parrilla. <\/p>\n<p>\u201c<b>La distribuci\u00f3n permitir\u00eda tener departamentos separados dentro de la misma propiedad<\/b>\u201d, agrega Pinus.<\/p>\n<p><a href=\"https:\/\/www.lanacion.com.ar\/propiedades\/casas-y-departamentos\/rinat-akhmetov-el-hombre-mas-rico-de-ucrania-compro-el-departamento-mas-caro-del-mundo-nid23042026\/?activate-overlay=true\">Rinat Akhmetov, el hombre m\u00e1s rico de Ucrania: compr\u00f3 el departamento m\u00e1s caro del mundo<\/a><\/p>\n<p><img loading=\"lazy\" decoding=\"async\" src=\"https:\/\/resizer.glanacion.com\/resizer\/v2\/NSVHGPHYQBE6ZLZXOWCWXD6BTY.jpg?auth=4cac2c27141fcc18b566a2ac1107d67811710cc25dc44e866f210ff4438aaf56&amp;smart=true&amp;width=2000&amp;height=1333\" alt=\"Este es uno de los ba\u00f1os que tiene la casa de la familia Macri en Barrio Parque\" height=\"1333\" width=\"2000\" \/><\/p>\n<p>En el barrio tienen propiedades diversas figuras como <b>Susana Gim\u00e9nez, Marcela Tinayre, Flavia Palmiero, Mariana Fabbiani<\/b> y<b> recientemente el propio Mauricio Macri se mud\u00f3 a una casa que alquila<\/b>.<\/p>\n<p>\u200bLa emblem\u00e1tica propiedad ya hab\u00eda estado en venta; ahora vuelve al mercado: tiene 1280 m2 y 12 ba\u00f1os\u00a0\u00a0<\/p>","protected":false},"excerpt":{"rendered":"<p>En un mercado inmobiliario que poco a poco va encontrando su reactivaci\u00f3n, incluso las propiedades m\u00e1s exclusivas necesitan reconfigurarse. La hist\u00f3rica casa que perteneci\u00f3 al empresario Franco Macri, ubicada en uno de los barrios m\u00e1s exclusivos de la ciudad de Buenos Aires, hoy vuelve a escena. La propiedad de la familia del expresidente Mauricio Macri [&hellip;]<\/p>\n","protected":false},"author":1,"featured_media":26690,"comment_status":"","ping_status":"open","sticky":false,"template":"","format":"standard","meta":{"footnotes":""},"categories":[14,112],"tags":[],"class_list":["post-26693","post","type-post","status-publish","format-standard","has-post-thumbnail","hentry","category-nacionales","category-ultimas-noticias"],"amp_enabled":true,"_links":{"self":[{"href":"https:\/\/rmxnoticias.com\/web\/wp-json\/wp\/v2\/posts\/26693","targetHints":{"allow":["GET"]}}],"collection":[{"href":"https:\/\/rmxnoticias.com\/web\/wp-json\/wp\/v2\/posts"}],"about":[{"href":"https:\/\/rmxnoticias.com\/web\/wp-json\/wp\/v2\/types\/post"}],"author":[{"embeddable":true,"href":"https:\/\/rmxnoticias.com\/web\/wp-json\/wp\/v2\/users\/1"}],"replies":[{"embeddable":true,"href":"https:\/\/rmxnoticias.com\/web\/wp-json\/wp\/v2\/comments?post=26693"}],"version-history":[{"count":1,"href":"https:\/\/rmxnoticias.com\/web\/wp-json\/wp\/v2\/posts\/26693\/revisions"}],"predecessor-version":[{"id":26705,"href":"https:\/\/rmxnoticias.com\/web\/wp-json\/wp\/v2\/posts\/26693\/revisions\/26705"}],"wp:featuredmedia":[{"embeddable":true,"href":"https:\/\/rmxnoticias.com\/web\/wp-json\/wp\/v2\/media\/26690"}],"wp:attachment":[{"href":"https:\/\/rmxnoticias.com\/web\/wp-json\/wp\/v2\/media?parent=26693"}],"wp:term":[{"taxonomy":"category","embeddable":true,"href":"https:\/\/rmxnoticias.com\/web\/wp-json\/wp\/v2\/categories?post=26693"},{"taxonomy":"post_tag","embeddable":true,"href":"https:\/\/rmxnoticias.com\/web\/wp-json\/wp\/v2\/tags?post=26693"}],"curies":[{"name":"wp","href":"https:\/\/api.w.org\/{rel}","templated":true}]}}