{"id":26714,"date":"2026-04-27T15:07:23","date_gmt":"2026-04-27T18:07:23","guid":{"rendered":"http:\/\/rmxnoticias.com\/web\/los-comentarios-de-los-vecinos-de-barrio-parque-tras-el-desembarco-del-magnate-peter-thiel\/"},"modified":"2026-04-27T15:07:23","modified_gmt":"2026-04-27T18:07:23","slug":"los-comentarios-de-los-vecinos-de-barrio-parque-tras-el-desembarco-del-magnate-peter-thiel","status":"publish","type":"post","link":"https:\/\/rmxnoticias.com\/web\/los-comentarios-de-los-vecinos-de-barrio-parque-tras-el-desembarco-del-magnate-peter-thiel\/","title":{"rendered":"Los comentarios de los vecinos de Barrio Parque tras el desembarco del magnate Peter Thiel"},"content":{"rendered":"<p>Calles arboladas, hojas de oto\u00f1o sobre el asfalto y una calma que parece ajena al ritmo de la ciudad. En Barrio Parque, ese enclave de mansiones bajas y vida discreta donde el tiempo parece moverse m\u00e1s lento que en el resto de Buenos Aires, la llegada de un nuevo vecino podr\u00eda haber alterado el equilibrio. Pero no fue el caso. Ni el nombre \u2014Peter Thiel\u2014 ni la magnitud de la operaci\u00f3n inmobiliaria que lo convirti\u00f3 en residente del barrio parecen haber incomodado a quienes viven ah\u00ed. M\u00e1s bien, todo lo contrario. <\/p>\n<p><img fetchpriority=\"high\" decoding=\"async\" src=\"https:\/\/resizer.glanacion.com\/resizer\/v2\/6SVMAW6SWFDM3L3YVUNYR6NNKA.JPG?auth=d13fdd88cc4a7c127b3e6d8af61af5abf614f429dbb5098edb2f9dd28788688d&amp;smart=true&amp;width=2000&amp;height=1500\" alt=\"La casa que compr\u00f3 Peter Thiel en Barrio Parque \" height=\"1500\" width=\"2000\" \/><\/p>\n<p>La casa, sobre la calle Dardo Rocha, frente a la residencia de Susana Gim\u00e9nez, fue adquirida por una cifra cercana a los<b> US$12 millones. <\/b>Es decir, muy por encima del valor de mercado actual, si se la compara con otras propiedades de la zona, seg\u00fan indican expertos del mercado inmobiliario. Thiel no es un comprador m\u00e1s: <b>cofund\u00f3 PayPal, fue uno de los primeros inversores de Facebook <\/b>y es uno de los nombres m\u00e1s influyentes de <b>Silicon Valley<\/b>. <\/p>\n<p>La aparici\u00f3n de un personaje tan disruptivo en medio de cuadras tan tranquilas podr\u00eda haber generado revuelo. Tambi\u00e9n ser\u00eda v\u00e1lido pensar que ahora, en esas calles, habr\u00eda alguna guardia period\u00edstica o m\u00f3viles de seguridad. Sin embargo, lejos de despertar resquemor, la compra de Thiel fue recibida positivamente por los vecinos: se\u00f1alan que<b> eleva el valor del metro cuadrado<\/b> en un barrio donde la oferta es escasa.<\/p>\n\n<p>En la puerta no hay despliegues extraordinarios. Un Mercedes-Benz negro clase S estacionado, una van de la misma marca unos metros atr\u00e1s y dos guardias que pasan desapercibidos se suman a las garitas habituales de la Polic\u00eda de la Ciudad, que son financiadas por los propios vecinos. \u201cAca ya se abona un adicional para tener una mayor presencia policial\u201d, describen quienes viven ah\u00ed. <\/p>\n<p>\u201cEn este barrio hay discusiones por muchas cosas, pero no por esto\u201d, resume el reconocido abogado y vecino <b>Mauricio D\u2019Alessandro<\/b>, que vivi\u00f3 durante d\u00e9cadas en esa misma cuadra y conoce cada rinc\u00f3n. \u201cNo escuch\u00e9 a nadie molesto por la llegada de Thiel. S\u00ed hay debates por habilitaciones, por comercios, por c\u00f3mo se preserva el barrio. Pero por esto, no\u201d, sostiene, y agrega: \u201cEstamos hablando de un empresario global, de una de las grandes fortunas del mundo. Eso, autom\u00e1ticamente, eleva el valor del barrio. La casa de al lado pas\u00f3 a valer el doble en un instante. Es una propiedad de referencia\u201d. <\/p>\n<p><img decoding=\"async\" src=\"https:\/\/resizer.glanacion.com\/resizer\/v2\/PP6GKEMDXZA7RCQR5VSLCXOZEQ.jpg?auth=35c91d560c9def1d5c16379ebe4d3fffa64a3912a5898bf951078713f208ec13&amp;smart=true&amp;width=2000&amp;height=1333\" alt=\"Vecinos destacan que la compra por encima del valor del mercado puede impulsar el precio de las propiedades en la zona\" height=\"1333\" width=\"2000\" \/><\/p>\n<p>D\u2019Alessandro suma una imagen que ayuda a dimensionar lo que representa tener a una figura como Thiel en el barrio: \u201cTengo hijos viviendo en Estados Unidos. Si quisieran vivir en un entorno as\u00ed, cerca de alguien como Thiel, necesitar\u00edan cifras astron\u00f3micas, completamente fuera de alcance. Esto posiciona al barrio en otro nivel\u201d. <\/p>\n<p>Teresa, una vecina de Barrio Parque que prefiere no dar su apellido, coincide: \u201c<b>Ac\u00e1 siempre se valora el bajo perfil, pero tambi\u00e9n el nivel<\/b>. Y la llegada de alguien as\u00ed, lejos de molestar, confirma que el barrio sigue siendo lo que es. No es ostentaci\u00f3n, es coherencia con el lugar\u201d, resume, mientras realiza su caminata diaria, que suele culminar con un caf\u00e9 en el bar del Museo de Arte Latinoamericano de Buenos Aires (Malba). <\/p>\n<p><img decoding=\"async\" src=\"https:\/\/resizer.glanacion.com\/resizer\/v2\/SD4235F2TNDBFA6HORPFDJ2I4U.JPG?auth=def09b2d05186a6c5acd36d3c2408c26457b883149b48a2c2a47774c03d3b0c5&amp;smart=true&amp;width=2000&amp;height=1500\" alt=\"En grupos de residentes, la noticia circul\u00f3 con una mirada positiva y sin se\u00f1ales de rechazo\" height=\"1500\" width=\"2000\" \/><\/p>\n<p>Candelaria, cuyos padres viven en Barrio Parque , agrega su mirada sobre el aterrizaje del nuevo vecino: \u201cNo cambia la din\u00e1mica del d\u00eda a d\u00eda. No es que de repente haya ruido o tr\u00e1nsito. Todo sigue igual. Pero s\u00ed <b>hay una sensaci\u00f3n de que el barrio gana relevancia<\/b>, como si volviera a estar en el radar global\u201d.<\/p>\n<p><b>Ignacio Camps<\/b>, vecino de Barrio Parque y socio de <b>Evoluer Real Estate<\/b>, tambi\u00e9n observa la operaci\u00f3n como un hito inmobiliario. \u201cEs un valor de venta muy relevante y, para muchos vecinos, puede ser una buena se\u00f1al. Muestra que sus propiedades tienen una alta posibilidad de valorizarse\u201d, explica. Seg\u00fan cuenta, <b>en los \u00faltimos cinco a\u00f1os vendieron unas siete u ocho casas en el barrio<\/b>, lo que muestra cierto recambio, aunque siempre dentro de un mercado muy exclusivo y de oferta limitada. <\/p>\n<p><img loading=\"lazy\" decoding=\"async\" src=\"https:\/\/resizer.glanacion.com\/resizer\/v2\/PCQ5LVU6RRDH7BKVXTLW2QOI3I.JPG?auth=3352502775cf152565b523142fd1a9777d856cb040c87a235e329ba31bd9104c&amp;smart=true&amp;width=2000&amp;height=1333\" alt=\"Las garitas de seguridad y el bajo perfil siguen marcando el ritmo cotidiano del barrio\" height=\"1333\" width=\"2000\" \/><\/p>\n<p>Incluso quienes trabajan en la zona perciben esa misma calma. Mario, un obrero que trabaja en una obra a pocos metros de ah\u00ed, lo resume de esta manera: \u201cA veces hay un poco m\u00e1s de movimiento, alg\u00fan auto m\u00e1s, pero en general esto es siempre tranquilo. No es un lugar donde pase mucho. Y eso no cambi\u00f3. Lo vi llegar una vez, pero todo normal. Normal para lo que se ve ac\u00e1, \u00bfno?\u201d.<\/p>\n<p>El dato no es menor. Porque si algo define a Barrio Parque es el <b>esfuerzo sostenido de sus vecinos por preservar una esencia<\/b>: la de un barrio residencial, silencioso, de baja densidad, donde las casas, las embajadas y los jardines forman un mundo aparte. <\/p>\n<p>Hace pocos meses, esa identidad volvi\u00f3 a quedar en el centro de la escena cuando la <b>Justicia porte\u00f1a fren\u00f3 nuevas habilitaciones comerciales en la zona a partir de un reclamo vecinal<\/b>. La discusi\u00f3n hab\u00eda escalado despu\u00e9s de que los residentes detectaran el proyecto de un centro de wellness de lujo en una de sus calles m\u00e1s tranquilas. Para muchos, no se trataba de oponerse a una actividad puntual, sino de evitar que el barrio empezara a perder su car\u00e1cter hist\u00f3rico, patrimonial y residencial. <\/p>\n<p>La cautelar fue le\u00edda como una se\u00f1al clara: <b>Barrio Parque acepta nuevos vecinos, incluso de alt\u00edsimo perfil, pero no cualquier transformaci\u00f3n de su vida cotidiana. <\/b>En ese contexto, la llegada de Thiel se interpreta de otra manera. No abre un comercio, no trae circulaci\u00f3n de clientes ni altera el ritmo de las calles. Es una presencia privada, integrada a la l\u00f3gica del lugar. Por eso, entre los vecinos, la lectura dominante parece ser positiva: la compra no rompe el esp\u00edritu del barrio, m\u00e1s bien lo confirma como uno de los <b>enclaves residenciales m\u00e1s codiciados de Buenos Aires.<\/b><\/p>\n<h3>\u00bfQui\u00e9n es Peter Thiel? <\/h3>\n<p>Peter Thiel es una de las figuras m\u00e1s influyentes y tambi\u00e9n m\u00e1s controvertidas del capitalismo tecnol\u00f3gico contempor\u00e1neo. Tras volverse uno de los primeros inversores de Facebook y fundar PayPal, construy\u00f3 una <b>fortuna que ronda los 27.000 millones de d\u00f3lares<\/b>. Tambi\u00e9n es cofundador de <b>Palantir Technologies<\/b>, una empresa especializada en an\u00e1lisis de datos que trabaja con <b>gobiernos, agencias de inteligencia y organismos de defensa<\/b>. <\/p>\n<p>Su perfil excede el mundo tecnol\u00f3gico. Thiel ha tenido un <b>rol activo en la pol\u00edtica estadounidense<\/b> y fue <b>uno de los apoyos m\u00e1s visibles de Donald Trump dentro del ecosistema de Silicon Valley<\/b>. Su nombre qued\u00f3 asociado a una corriente m\u00e1s ideol\u00f3gica dentro de la industria tecnol\u00f3gica, con fuerte foco en seguridad, la defensa y el poder estatal.<\/p>\n<p>A trav\u00e9s de Palantir, Thiel adem\u00e1s mantiene v\u00ednculos con agencias del gobierno de Estados Unidos y con estructuras cercanas al<b> Pent\u00e1gono<\/b>, lo que lo ubica en una posici\u00f3n singular: es un empresario que <b>no solo participa del desarrollo tecnol\u00f3gico, sino tambi\u00e9n de su aplicaci\u00f3n en \u00e1reas sensibles como la inteligencia y la defensa<\/b>. <\/p>\n<h1>V\u00ednculo con Milei<\/h1>\n<p>Su llegada a la Argentina no es casual. En los \u00faltimos a\u00f1os estableci\u00f3 v\u00ednculos con el presidente<b> Javier Milei<\/b> y particip\u00f3 de encuentros donde destac\u00f3 la proyecci\u00f3n global de sus ideas. Durante su estad\u00eda, mantuvo reuniones con funcionarios y actores del mundo empresarial, en una agenda que combina negocios, pol\u00edtica y tecnolog\u00eda. <\/p>\n<p>En ese marco, la compra de la propiedad en Barrio Parque parece ir m\u00e1s all\u00e1 de una visita circunstancial. Es una se\u00f1al de inter\u00e9s sostenido. Y tambi\u00e9n, en t\u00e9rminos simb\u00f3licos, una validaci\u00f3n.<\/p>\n<p>\u200bCompr\u00f3 una casa por US$12 millones frente a la de Susana Gim\u00e9nez; su llegada, lejos de generar incomodidad, parece agradar a los propietarios de la zona\u00a0\u00a0<\/p>","protected":false},"excerpt":{"rendered":"<p>Calles arboladas, hojas de oto\u00f1o sobre el asfalto y una calma que parece ajena al ritmo de la ciudad. En Barrio Parque, ese enclave de mansiones bajas y vida discreta donde el tiempo parece moverse m\u00e1s lento que en el resto de Buenos Aires, la llegada de un nuevo vecino podr\u00eda haber alterado el equilibrio. [&hellip;]<\/p>\n","protected":false},"author":1,"featured_media":26715,"comment_status":"","ping_status":"open","sticky":false,"template":"","format":"standard","meta":{"footnotes":""},"categories":[14,112],"tags":[],"class_list":["post-26714","post","type-post","status-publish","format-standard","has-post-thumbnail","hentry","category-nacionales","category-ultimas-noticias"],"amp_enabled":true,"_links":{"self":[{"href":"https:\/\/rmxnoticias.com\/web\/wp-json\/wp\/v2\/posts\/26714","targetHints":{"allow":["GET"]}}],"collection":[{"href":"https:\/\/rmxnoticias.com\/web\/wp-json\/wp\/v2\/posts"}],"about":[{"href":"https:\/\/rmxnoticias.com\/web\/wp-json\/wp\/v2\/types\/post"}],"author":[{"embeddable":true,"href":"https:\/\/rmxnoticias.com\/web\/wp-json\/wp\/v2\/users\/1"}],"replies":[{"embeddable":true,"href":"https:\/\/rmxnoticias.com\/web\/wp-json\/wp\/v2\/comments?post=26714"}],"version-history":[{"count":0,"href":"https:\/\/rmxnoticias.com\/web\/wp-json\/wp\/v2\/posts\/26714\/revisions"}],"wp:featuredmedia":[{"embeddable":true,"href":"https:\/\/rmxnoticias.com\/web\/wp-json\/wp\/v2\/media\/26715"}],"wp:attachment":[{"href":"https:\/\/rmxnoticias.com\/web\/wp-json\/wp\/v2\/media?parent=26714"}],"wp:term":[{"taxonomy":"category","embeddable":true,"href":"https:\/\/rmxnoticias.com\/web\/wp-json\/wp\/v2\/categories?post=26714"},{"taxonomy":"post_tag","embeddable":true,"href":"https:\/\/rmxnoticias.com\/web\/wp-json\/wp\/v2\/tags?post=26714"}],"curies":[{"name":"wp","href":"https:\/\/api.w.org\/{rel}","templated":true}]}}