{"id":26747,"date":"2026-04-27T20:20:40","date_gmt":"2026-04-27T23:20:40","guid":{"rendered":"https:\/\/rmxnoticias.com\/web\/evitar-la-puerta-giratoria-el-gobierno-defendio-la-reforma-en-salud-mental-en-un-congreso-con-6000-profesionales\/"},"modified":"2026-04-27T20:20:40","modified_gmt":"2026-04-27T23:20:40","slug":"evitar-la-puerta-giratoria-el-gobierno-defendio-la-reforma-en-salud-mental-en-un-congreso-con-6000-profesionales","status":"publish","type":"post","link":"https:\/\/rmxnoticias.com\/web\/evitar-la-puerta-giratoria-el-gobierno-defendio-la-reforma-en-salud-mental-en-un-congreso-con-6000-profesionales\/","title":{"rendered":"\u201cEvitar la puerta giratoria\u201d: el Gobierno defendi\u00f3 la reforma en salud mental en un congreso con 6000 profesionales"},"content":{"rendered":"<p><b>El Gobierno defendi\u00f3 los cambios que propone a la ley de salud mental durante un congreso de la especialidad con m\u00e1s de<\/b> <b>6000 profesionales<\/b>, mientras el Senado design\u00f3 las comisiones que abrir\u00e1n el proyecto oficial a un debate m\u00e1s formal que el que ya empez\u00f3 a darse en redes sociales. <\/p>\n<p>La presentaci\u00f3n de los puntos que promueve modificar el texto elaborado en el Ministerio de Salud fue durante el acto de apertura del<b> 39\u00b0 Congreso Argentino de Psiquiatr\u00eda y Salud Mental<\/b>, que finaliz\u00f3 el fin de semana en Mar del Plata. No fue de manera presencial, ante el auditorio en uno de los salones del Gran Hotel Provincial, sino con un video que se proyect\u00f3 antes de los discursos de las autoridades del encuentro organizado por la <b>Asociaci\u00f3n de Psiquiatras de Argentina<\/b> (APSA). <\/p>\n<p>Funcionarios de Salud de las jurisdicciones y representantes de entidades cient\u00edficas invitados tambi\u00e9n siguieron las palabras de <b>Liliana Gonz\u00e1lez, directora nacional de Abordaje Integral de Salud Mental y Consumos Problem\u00e1ticos <\/b>de la cartera sanitaria, sobre el proyecto que ingres\u00f3 la semana pasada al Congreso. Su ausencia se debi\u00f3 a \u201cun tema de agenda\u201d. <\/p>\n<p>\u201c<b>Hemos escuchado durante tres a\u00f1os a familiares, madres desesperadas que no encontraban un tratamiento para sus hijos<\/b> que ten\u00edan problemas severos. Tambi\u00e9n escuchamos a ONG, profesionales, jefes de servicio y, tambi\u00e9n, a las 24 jurisdicciones\u201d, se\u00f1al\u00f3 Gonz\u00e1lez en la primera aparici\u00f3n p\u00fablica conocida sobre el proyecto en el que intervino. <\/p>\n<p><img fetchpriority=\"high\" decoding=\"async\" src=\"https:\/\/resizer.glanacion.com\/resizer\/v2\/TTAF5ODF4RGPPCOSNQ5DRJHQL4.jpeg?auth=fb8a544a5eafbcd660f41136693b352d74582048ddd4b7d3cdef38cf9748499c&amp;smart=true&amp;width=4160&amp;height=2775\" alt=\"El congreso de la Asociaci\u00f3n de Psiquiatras de Argentina (APSA) se desarroll\u00f3 en Mar del Plata\" height=\"2775\" width=\"4160\" \/><\/p>\n<p>\u201cLa ley, as\u00ed como est\u00e1 formulada, no funciona adecuadamente, sobre todo para el abordaje de los trastornos severos. <b>Se necesita un cambio para poder acceder al tratamiento adecuado y oportuno y tratar de evitar homicidios<\/b>, como ha ocurrido en el Museo de Arte Latinoamericano de Buenos Aires (Malba), <b>suicidios y agresiones<\/b> severas por no tener el acceso debido a los tratamientos\u201d, continu\u00f3. En septiembre de 2020, <a href=\"https:\/\/www.lanacion.com.ar\/seguridad\/palermo-asi-fue-ataque-al-policia-murio-nid2463954\/\" rel=\"\">un polic\u00eda muri\u00f3 tras ser apu\u00f1alado<\/a> en la esquina del museo, sobre la avenida Figueroa Alcorta, por un hombre que atravesaba un brote psic\u00f3tico. Su hermano, Juan Roza Alconada, se sum\u00f3 a familiares y ONG que piden la modificaci\u00f3n de la ley de salud mental. <\/p>\n<p>La funcionaria advirti\u00f3 tambi\u00e9n sobre distintos textos del proyecto oficial que est\u00e1n circulando, <b>una confusi\u00f3n que se puede ver desde hace varios d\u00edas en redes sociales<\/b>. Por ejemplo, se se\u00f1ala una modificaci\u00f3n al art\u00edculo 32 de la Ley N\u00b0 26.657 \u2013se refiere al presupuesto que el Estado debe destinar para la implementaci\u00f3n de la norma\u2013 que el Poder Ejecutivo finalmente dej\u00f3 fuera del texto final que lleg\u00f3 al Senado. Se hab\u00eda analizado, pero no se incluy\u00f3. El texto que ya se gir\u00f3 a las comisiones de Salud y Legislaci\u00f3n General del Senado es el que desde la semana pasada se puede acceder desde <a href=\"https:\/\/www.senado.gob.ar\/parlamentario\/comisiones\/verExp\/99.26\/PE\/PL\" rel=\"\">ac\u00e1<\/a>. <\/p>\n<h1>Descripci\u00f3n de los cambios<\/h1>\n<p>Gonz\u00e1lez enumer\u00f3 los cambios \u201cm\u00e1s importantes\u201d y en la atenci\u00f3n cl\u00ednica propuestos. Mencion\u00f3 unificar t\u00e9rminos con c\u00f3digos diagn\u00f3sticos internacionales, como \u201cafecci\u00f3n o trastorno de salud mental\u201d en lugar de \u201cpadecimiento\u201d en la ley actual y reemplazar el concepto de \u201criesgo cierto e inminente\u201d vigente desde 2010 por \u201criesgo grave de da\u00f1o para la vida o la integridad f\u00edsica\u201d, tanto de la persona como de terceros. <\/p>\n<p>Enseguida, <b>se refiri\u00f3 al alta de los pacientes internados voluntariamente<\/b>. \u201cEn el proyecto hemos colocado que, antes del alta, es necesaria la evaluaci\u00f3n por un equipo interdisciplinario. Muchos pacientes ingresan, est\u00e1n dos o tres d\u00edas y, despu\u00e9s, deciden irse \u2013dijo Gonz\u00e1lez\u2013. Y sabemos que a\u00fan no ha cesado el riesgo. Entonces, un equipo interdisciplinario decidir\u00e1 si est\u00e1 en condiciones de alta o si, en realidad, esa internaci\u00f3n debe pasar a ser involuntaria\u201d.<\/p>\n<p>Como ya hab\u00eda anticipado el ministerio, los cambios que buscaban introducir apuntaban a <b>que los m\u00e9dicos psiquiatras recuperaran un papel central en el manejo de la atenci\u00f3n y, sobre todo, en las internaciones involuntarias<\/b>. \u201cEn este momento, podr\u00eda estar corrido. As\u00ed que vamos a darle el lugar que tiene que ver con su incumbencia, su capacitaci\u00f3n y su curr\u00edcula\u201d, defendi\u00f3 la expositora.<\/p>\n<p>Durante los casi seis minutos que dur\u00f3 la presentaci\u00f3n, la directora nacional de Salud Mental destac\u00f3 el \u201ccontrol judicial\u201d que plantea el proyecto en el caso de las hospitalizaciones sin consentimiento del paciente en los seis meses posteriores al alta. <\/p>\n<p>\u201cDe esta manera, <b>estamos tratando de lograr una adhesi\u00f3n al tratamiento<\/b>\u201d, justific\u00f3. \u201cEste control judicial por seis meses, con un control con un informe cada tres [meses] por parte del equipo que lo est\u00e1 tratando, pensamos que va a colaborar en la adhesi\u00f3n al tratamiento. De esta manera <b>vamos a evitar la puerta giratoria, que no solamente es un sufrimiento ps\u00edquico para el paciente<\/b>, sino que tambi\u00e9n aumenta los costos del sistema y, realmente, ocupa camas cuando las necesitamos\u201d, dijo.<\/p>\n<p><b>La obligatoriedad de que las familias \u201cse hagan cargo de los pacientes\u201d despu\u00e9s del alta es otra de las propuestas de cambio<\/b>. \u201cMuchas veces, en algunas oportunidades y ciertas familias, abandonan a sus familiares. De esta manera, es una obligaci\u00f3n legal que tiene para la protecci\u00f3n de la persona\u201d, argument\u00f3. <\/p>\n<p>Otro de los puntos que abrir\u00e1n un fuerte debate durante el tratamiento del proyecto es la posibilidad de que la red de atenci\u00f3n de salud mental dentro del sistema sanitario incluya a los hospitales generales, los hospitales de especialidad y las instituciones especializadas en salud mental. <\/p>\n<p>\u201cEsto es importante porque est\u00e1n faltando camas y, de esta manera, no vamos a tener el cierre de instituciones o su transformaci\u00f3n, sino que vamos a aportar camas al sistema. Para eso, pensamos que, por ejemplo, las internaciones [por cuadros] leves pueden estar en hospitales generales y las internaciones por trastornos m\u00e1s severos en instituciones especializadas\u201d, agreg\u00f3 Gonz\u00e1lez sobre lo que defini\u00f3 como \u201cun proyecto posible, no ideal\u201d. <\/p>\n<p>\u200bLiliana Gonz\u00e1lez, directora de Abordaje Integral de Salud Mental, advirti\u00f3 de la necesidad de que los pacientes sostengan los tratamientos\u00a0\u00a0<\/p>","protected":false},"excerpt":{"rendered":"<p>El Gobierno defendi\u00f3 los cambios que propone a la ley de salud mental durante un congreso de la especialidad con m\u00e1s de 6000 profesionales, mientras el Senado design\u00f3 las comisiones que abrir\u00e1n el proyecto oficial a un debate m\u00e1s formal que el que ya empez\u00f3 a darse en redes sociales. La presentaci\u00f3n de los puntos [&hellip;]<\/p>\n","protected":false},"author":1,"featured_media":26748,"comment_status":"","ping_status":"open","sticky":false,"template":"","format":"standard","meta":{"footnotes":""},"categories":[14,112],"tags":[],"class_list":["post-26747","post","type-post","status-publish","format-standard","has-post-thumbnail","hentry","category-nacionales","category-ultimas-noticias"],"amp_enabled":true,"_links":{"self":[{"href":"https:\/\/rmxnoticias.com\/web\/wp-json\/wp\/v2\/posts\/26747","targetHints":{"allow":["GET"]}}],"collection":[{"href":"https:\/\/rmxnoticias.com\/web\/wp-json\/wp\/v2\/posts"}],"about":[{"href":"https:\/\/rmxnoticias.com\/web\/wp-json\/wp\/v2\/types\/post"}],"author":[{"embeddable":true,"href":"https:\/\/rmxnoticias.com\/web\/wp-json\/wp\/v2\/users\/1"}],"replies":[{"embeddable":true,"href":"https:\/\/rmxnoticias.com\/web\/wp-json\/wp\/v2\/comments?post=26747"}],"version-history":[{"count":0,"href":"https:\/\/rmxnoticias.com\/web\/wp-json\/wp\/v2\/posts\/26747\/revisions"}],"wp:featuredmedia":[{"embeddable":true,"href":"https:\/\/rmxnoticias.com\/web\/wp-json\/wp\/v2\/media\/26748"}],"wp:attachment":[{"href":"https:\/\/rmxnoticias.com\/web\/wp-json\/wp\/v2\/media?parent=26747"}],"wp:term":[{"taxonomy":"category","embeddable":true,"href":"https:\/\/rmxnoticias.com\/web\/wp-json\/wp\/v2\/categories?post=26747"},{"taxonomy":"post_tag","embeddable":true,"href":"https:\/\/rmxnoticias.com\/web\/wp-json\/wp\/v2\/tags?post=26747"}],"curies":[{"name":"wp","href":"https:\/\/api.w.org\/{rel}","templated":true}]}}