{"id":26751,"date":"2026-04-27T20:16:58","date_gmt":"2026-04-27T23:16:58","guid":{"rendered":"https:\/\/rmxnoticias.com\/web\/esteban-bullrich-la-ela-se-esta-llevando-mi-cuerpo-no-deberia-llevarse-tambien-mi-dinero\/"},"modified":"2026-04-27T20:16:58","modified_gmt":"2026-04-27T23:16:58","slug":"esteban-bullrich-la-ela-se-esta-llevando-mi-cuerpo-no-deberia-llevarse-tambien-mi-dinero","status":"publish","type":"post","link":"https:\/\/rmxnoticias.com\/web\/esteban-bullrich-la-ela-se-esta-llevando-mi-cuerpo-no-deberia-llevarse-tambien-mi-dinero\/","title":{"rendered":"Esteban Bullrich: \u201cLa ELA se est\u00e1 llevando mi cuerpo, no deber\u00eda llevarse tambi\u00e9n mi dinero\u201d"},"content":{"rendered":"<p>El exsenador <a href=\"https:\/\/www.lanacion.com.ar\/politica\/esteban-bullrich-me-quiero-presentar-como-candidato-a-presidente-en-2027-nid01122025\/\" target=\"_self\" rel=\"\" title=\"https:\/\/www.lanacion.com.ar\/politica\/esteban-bullrich-me-quiero-presentar-como-candidato-a-presidente-en-2027-nid01122025\/\"><b>Esteban Bullrich<\/b><\/a><b> <\/b>revel\u00f3 en redes sociales que el avance de la enfermedad que padece, Esclerosis Lateral Amiotr\u00f3fica (ELA), le impide utilizar una reconocida app de criptomonedas, porque no reconoce su rostro.<\/p>\n<p><b>Bullrich fue diagnosticado con ELA en 2021<\/b>.<b> <\/b>Se trata de una una enfermedad neurodegenerativa progresiva que ataca las neuronas motoras en el cerebro y la m\u00e9dula espinal.<b> <\/b>En ese marco, se\u00f1al\u00f3 que no logr\u00f3 resolver la situaci\u00f3n a trav\u00e9s de los canales habituales de la plataforma.<\/p>\n<p><img fetchpriority=\"high\" decoding=\"async\" src=\"https:\/\/resizer.glanacion.com\/resizer\/v2\/FN6KKUXOQRB7BIHXB7VIDEKWPU.jpg?auth=89ca93086a9a830b3edd9db239587dbee20fe2dfc41121d4d37cf680f78af1d8&amp;smart=true&amp;width=1200&amp;height=800\" alt=\"El reclamo de Esteban Bullrich a Binance en la red social X\" height=\"800\" width=\"1200\" \/><\/p>\n<p>En un mensaje publicado en la red social X y dirigido a Richard Teng, actual CEO de Binance, el exministro de Educaci\u00f3n expres\u00f3: \u201c<b>La ELA se est\u00e1 llevando mi cuerpo. No deber\u00eda llevarse tambi\u00e9n mi dinero. Hace 5 meses, el Face ID de Binance dej\u00f3 de reconocerme porque la enfermedad cambi\u00f3 mi rostro\u201d. <\/b><\/p>\n<p>Y agreg\u00f3: \u201cSu respuesta: nada. Ninguna alternativa accesible para usuarios con discapacidad. Esto es lo que pasa cuando una plataforma que mueve miles de millones trata la accesibilidad como algo opcional. Verg\u00fcenza\u201d.<\/p>\n<p><img decoding=\"async\" src=\"https:\/\/resizer.glanacion.com\/resizer\/v2\/MMBM552LL5GJVKA2Z7H7LD7HZQ.jpg?auth=5c6fb30dec9c20112d04ea15f527964af67082386202b8249378ab9ee9a3dbf7&amp;smart=true&amp;width=2000&amp;height=1333\" alt=\"El exsenador nacional y exministro de Educaci\u00f3n, Esteban Bullrich\" height=\"1333\" width=\"2000\" \/><\/p>\n<p>Horas m\u00e1s tarde, la empresa respondi\u00f3 en la misma red social y asegur\u00f3 haber iniciado gestiones para abordar el caso. <b>\u201cEsteban, te escuchamos y lamentamos que esto haya pasado. Nuestro equipo ya se est\u00e1 comunicando con vos directamente para resolverlo<\/b>. Tambi\u00e9n lo estamos escalando internamente como una falla de accesibilidad que necesitamos corregir. Gracias por alzar la voz y por exigirnos m\u00e1s\u201d, indic\u00f3 la compa\u00f1\u00eda.<\/p>\n<p>De acuerdo con la informaci\u00f3n que la propia plataforma comparte en su sitio web, <b>los procesos de verificaci\u00f3n facial forman parte de sus medidas obligatorias de seguridad y no pueden ser desactivados. <\/b><\/p>\n<p><img decoding=\"async\" src=\"https:\/\/resizer.glanacion.com\/resizer\/v2\/2TDQ5ON4EVHIXLHKX3BPNANWIQ.jpg?auth=83f8633ea59a10f863faf7b11daa73c11aef7a3f20fd61faf2868fdf651e0e21&amp;smart=true&amp;width=1043&amp;height=694\" alt=\"La respuesta de Binance al planteo de Esteban Bullrich\" height=\"694\" width=\"1043\" \/><\/p>\n<p>\u201cEstas comprobaciones son esenciales para proteger tu cuenta\u201d, indica la empresa en su sitio web. <\/p>\n<p>En esa l\u00ednea, tambi\u00e9n advierte que intentar eludir estos controles \u2014por ejemplo, mediante el uso compartido de cuentas\u2014 <b>constituye una infracci\u00f3n a sus t\u00e9rminos y condiciones<\/b>, y que cualquier discrepancia en los datos biom\u00e9tricos puede derivar en fallas en la validaci\u00f3n de identidad.<\/p>\n<p>Pero a su vez, la empresa reconoce que esto se convierte en una dificultad en casos como el de Bullrich.<\/p>\n<p>\u200bEl exsenador nacional cont\u00f3 que el sistema de verificaci\u00f3n facial de una app de criptomonedas no lo reconoce debido al avance de la enfermedad; la plataforma reconoci\u00f3 el problema, pidi\u00f3 disculpas y prometi\u00f3 contactarse con \u00e9l\u00a0\u00a0<\/p>","protected":false},"excerpt":{"rendered":"<p>El exsenador Esteban Bullrich revel\u00f3 en redes sociales que el avance de la enfermedad que padece, Esclerosis Lateral Amiotr\u00f3fica (ELA), le impide utilizar una reconocida app de criptomonedas, porque no reconoce su rostro. Bullrich fue diagnosticado con ELA en 2021. Se trata de una una enfermedad neurodegenerativa progresiva que ataca las neuronas motoras en el [&hellip;]<\/p>\n","protected":false},"author":1,"featured_media":26752,"comment_status":"","ping_status":"open","sticky":false,"template":"","format":"standard","meta":{"footnotes":""},"categories":[14,112],"tags":[],"class_list":["post-26751","post","type-post","status-publish","format-standard","has-post-thumbnail","hentry","category-nacionales","category-ultimas-noticias"],"amp_enabled":true,"_links":{"self":[{"href":"https:\/\/rmxnoticias.com\/web\/wp-json\/wp\/v2\/posts\/26751","targetHints":{"allow":["GET"]}}],"collection":[{"href":"https:\/\/rmxnoticias.com\/web\/wp-json\/wp\/v2\/posts"}],"about":[{"href":"https:\/\/rmxnoticias.com\/web\/wp-json\/wp\/v2\/types\/post"}],"author":[{"embeddable":true,"href":"https:\/\/rmxnoticias.com\/web\/wp-json\/wp\/v2\/users\/1"}],"replies":[{"embeddable":true,"href":"https:\/\/rmxnoticias.com\/web\/wp-json\/wp\/v2\/comments?post=26751"}],"version-history":[{"count":0,"href":"https:\/\/rmxnoticias.com\/web\/wp-json\/wp\/v2\/posts\/26751\/revisions"}],"wp:featuredmedia":[{"embeddable":true,"href":"https:\/\/rmxnoticias.com\/web\/wp-json\/wp\/v2\/media\/26752"}],"wp:attachment":[{"href":"https:\/\/rmxnoticias.com\/web\/wp-json\/wp\/v2\/media?parent=26751"}],"wp:term":[{"taxonomy":"category","embeddable":true,"href":"https:\/\/rmxnoticias.com\/web\/wp-json\/wp\/v2\/categories?post=26751"},{"taxonomy":"post_tag","embeddable":true,"href":"https:\/\/rmxnoticias.com\/web\/wp-json\/wp\/v2\/tags?post=26751"}],"curies":[{"name":"wp","href":"https:\/\/api.w.org\/{rel}","templated":true}]}}