{"id":26753,"date":"2026-04-27T20:16:22","date_gmt":"2026-04-27T23:16:22","guid":{"rendered":"https:\/\/rmxnoticias.com\/web\/la-justicia-federal-fallo-a-favor-del-cura-y-diputado-nacional-kirchnerista-juan-carlos-molina\/"},"modified":"2026-04-27T20:16:22","modified_gmt":"2026-04-27T23:16:22","slug":"la-justicia-federal-fallo-a-favor-del-cura-y-diputado-nacional-kirchnerista-juan-carlos-molina","status":"publish","type":"post","link":"https:\/\/rmxnoticias.com\/web\/la-justicia-federal-fallo-a-favor-del-cura-y-diputado-nacional-kirchnerista-juan-carlos-molina\/","title":{"rendered":"La Justicia federal fall\u00f3 a favor del cura y diputado nacional kirchnerista Juan Carlos Molina"},"content":{"rendered":"<p>EL CALAFATE.- La Justicia Federal de Caleta Olivia dict\u00f3 el sobreseimiento de <b>Juan Carlos Molina<\/b>, apoderado de la<b> Fundaci\u00f3n Valdocco <\/b>y actual diputado nacional por el kirchnerismo en<b> Santa Cruz<\/b>, en la causa que los investigaba por el presunto delito de trata de personas. La denuncia hab\u00eda sido presentada por el gobierno provincial por presuntos hechos que involucraban a la entidad en<b> Ca\u00f1ad\u00f3n Seco<\/b>.<\/p>\n<p>La resoluci\u00f3n, que tambi\u00e9n alcanza a <b>Ana Valeria G\u00f3mez<\/b>, determin\u00f3 que el hecho denunciado \u201cno se cometi\u00f3\u201d, despejando as\u00ed las sospechas m\u00e1s graves que pesaban sobre el extitular de la Sedronar y actual diputado nacional.<\/p>\n<p>La g\u00e9nesis del conflicto se remonta a una denuncia conjunta presentada en octubre pasado por las ministras de Desarrollo Social y Educaci\u00f3n de Santa Cruz, <b>Luisa C\u00e1rdenas<\/b> (que luego renunci\u00f3) <b>e Iris Rasgido<\/b>, quienes hab\u00edan alertado sobre un <b>\u201centramado de captaci\u00f3n\u201d<\/b> y traslado irregular de menores \u2014mayormente de comunidades Wichi\u2014 desde El Chaco hacia el predio rural \u201cCasa Pibes de la Patagonia\u201d, ubicado en Ca\u00f1ad\u00f3n Seco, Santa Cruz. Seg\u00fan la acusaci\u00f3n original, los j\u00f3venes eran <b>retenidos con fines de explotaci\u00f3n institucional y pol\u00edtica <\/b>en un ambiente carente de infraestructura b\u00e1sica.<\/p>\n<p><img fetchpriority=\"high\" decoding=\"async\" src=\"https:\/\/resizer.glanacion.com\/resizer\/v2\/PGS4P3VXAZBW7LAVXIAZIA4DYY.jpg?auth=389d63329792c7317fe3747948cebd3726c4c2d5e40112fe9542d56e601cd5b3&amp;smart=true&amp;width=2000&amp;height=1333\" alt=\"Juan Carlos Molina, Durante la sesi\u00f3n por la ley de Presupuesto 2026 en la Honorable Camara de Diputados de la Naci\u00f3n Argentina. \" height=\"1333\" width=\"2000\" \/><\/p>\n<p>Sin embargo, tras meses de instrucci\u00f3n, el juez<b> Marcelo V\u00e1zquez<\/b>, subrogante del <b>juzgado de Caleta Olivia<\/b>, concluy\u00f3 que la permanencia de los ni\u00f1os en la fundaci\u00f3n tiene una finalidad estrictamente asistencial. \u201cNo se extraen indicadores de trata de menores con fines de explotaci\u00f3n; pues todas las constancias de la causa se\u00f1alan, de manera un\u00edvoca, que aquellos no han sufrido vulneraci\u00f3n alguna en sus derechos\u201d, se\u00f1al\u00f3 el juez; y argument\u00f3 que los traslados se realizaban al amparo de un<b> Acuerdo Marco de Cooperaci\u00f3n Mutua entre la Provincia del Chaco, la Provincia de Santa Cruz y la Fundaci\u00f3n Valdocco<\/b>.<\/p>\n<p>El actual diputado nacional Molina celebr\u00f3 la noticia del fallo favorable: \u201cQueda claro que <b>los hechos que denunciaron no existieron, que solo fue una persecuci\u00f3n pol\u00edtica<\/b>, y que no hubo ninguna situaci\u00f3n de vulneraci\u00f3n de derechos\u201d, afirm\u00f3 a trav\u00e9s de un comunicado que comparti\u00f3 en sus redes sociales, en las que es muy activo.<\/p>\n<blockquote class=\"twitter-tweet\">\n<p lang=\"es\" dir=\"ltr\">La verdad siempre gana.<br \/>Y el amor tambi\u00e9n! <a href=\"https:\/\/t.co\/MQHB1d4J1s\">pic.twitter.com\/MQHB1d4J1s<\/a><\/p>\n<p>\u2014 Juan Carlos Molina (@juanKa_molina) <a href=\"https:\/\/twitter.com\/juanKa_molina\/status\/2047436160398496034?ref_src=twsrc%5Etfw\">April 23, 2026<\/a><\/p><\/blockquote>\n<p>\u201cQueremos transmitir a las familias de Santa Cruz y Chaco, que son parte de nuestra comunidad porque son parte de nuestras casas, que no nos quedaremos de brazos cruzados hasta que se restablezcan cada uno de los derechos que el gobierno provincial viene pisoteando\u201d, sostuvo el sacerdote. Insisti\u00f3 en que la denuncia tuvo fines electorales, en tanto que termin\u00f3 un mensaje y agreg\u00f3: <b>\u201cEs muy bueno que la verdad empiece a conocerse. Que Dios los perdone\u201d<\/b>.<\/p>\n<p>El alivio para Molina en el fuero federal <b>no significa el cierre definitivo de sus frentes judiciales<\/b>. El juez V\u00e1zquez se declar\u00f3 incompetente para seguir entendiendo en las denuncias por defraudaci\u00f3n, malversaci\u00f3n de caudales p\u00fablicos y falsificaci\u00f3n de documentos. Seg\u00fan el tribunal, al estar involucrados exclusivamente fondos del erario de Santa Cruz y no detectarse afectaci\u00f3n de recursos nacionales, la investigaci\u00f3n debe continuar en la justicia ordinaria.<\/p>\n<p>Actualmente, el <b>Juzgado de Instrucci\u00f3n N\u00b0 2 de R\u00edo Gallegos<\/b> mantiene bajo la lupa las presuntas irregularidades en el manejo de subsidios para comedores y el pago de haberes docentes. La sospecha de la fiscal\u00eda provincial apunta a que la fundaci\u00f3n habr\u00eda \u201cinflado\u201d las n\u00f3minas de beneficiarios para obtener transferencias indebidas del estado santacruce\u00f1o.<\/p>\n<h1>Denuncias en dos provincias<\/h1>\n<p>La Fundaci\u00f3n Valdocco fue creada en Santa Cruz por Molina hace m\u00e1s de 20 a\u00f1os como un<b> centro de recuperaci\u00f3n terap\u00e9utica <\/b>y con fines educativos para j\u00f3venes en contexto de riesgo y marginalidad. Comenz\u00f3 con un fuerte financiamiento estatal y donaciones. A partir de all\u00ed fue creciendo hasta fundar sedes en<b> El Calafate, Chaco y hasta en Hait\u00ed<\/b>.<\/p>\n<p>A finales de 2024, tras el cambio de color pol\u00edtico en Santa Cruz, el gobierno provincial de <b>Claudio Vidal <\/b>denunci\u00f3 a la fundaci\u00f3n por el manejo de fondos y luego, en un cruce de informaci\u00f3n entre las dos provincias, descubrieron el doble cobro de sueldos simult\u00e1neos de personal en ambas jurisdicciones. <b>A finales del a\u00f1o pasado, el gobierno chaque\u00f1o suspendi\u00f3 los aportes p\u00fablicos a la fundaci\u00f3n<\/b>, en el marco de una causa que investiga el pago de salarios a docentes que no prestar\u00edan servicios efectivos y otros que percibir\u00edan doble remuneraci\u00f3n, una en Chaco y otra en Santa Cruz. <\/p>\n<p>La Justicia provincial de Chaco fall\u00f3 a favor de la fundaci\u00f3n, pero en la segunda instancia, la<b> C\u00e1mara de Apelaciones en lo Civil y Comercial de Resistencia<\/b> revoc\u00f3 el amparo, cuestionando que la Fundaci\u00f3n no acredit\u00f3 ni acompa\u00f1\u00f3 con documentaci\u00f3n respaldatoria los cargos docentes y detall\u00f3 que solo aportaron papeles sobre siete maestros y cuestion\u00f3 que la instituci\u00f3n se arrogara la representaci\u00f3n de la comunidad wichi.<\/p>\n<p>\u200bFue en una causa donde se investigaba a su fundaci\u00f3n por el supuesto delito de trata de personas; la denuncia la hab\u00eda hecho el gobierno de Santa Cruz\u00a0\u00a0<\/p>","protected":false},"excerpt":{"rendered":"<p>EL CALAFATE.- La Justicia Federal de Caleta Olivia dict\u00f3 el sobreseimiento de Juan Carlos Molina, apoderado de la Fundaci\u00f3n Valdocco y actual diputado nacional por el kirchnerismo en Santa Cruz, en la causa que los investigaba por el presunto delito de trata de personas. La denuncia hab\u00eda sido presentada por el gobierno provincial por presuntos [&hellip;]<\/p>\n","protected":false},"author":1,"featured_media":26754,"comment_status":"","ping_status":"open","sticky":false,"template":"","format":"standard","meta":{"footnotes":""},"categories":[14,112],"tags":[],"class_list":["post-26753","post","type-post","status-publish","format-standard","has-post-thumbnail","hentry","category-nacionales","category-ultimas-noticias"],"amp_enabled":true,"_links":{"self":[{"href":"https:\/\/rmxnoticias.com\/web\/wp-json\/wp\/v2\/posts\/26753","targetHints":{"allow":["GET"]}}],"collection":[{"href":"https:\/\/rmxnoticias.com\/web\/wp-json\/wp\/v2\/posts"}],"about":[{"href":"https:\/\/rmxnoticias.com\/web\/wp-json\/wp\/v2\/types\/post"}],"author":[{"embeddable":true,"href":"https:\/\/rmxnoticias.com\/web\/wp-json\/wp\/v2\/users\/1"}],"replies":[{"embeddable":true,"href":"https:\/\/rmxnoticias.com\/web\/wp-json\/wp\/v2\/comments?post=26753"}],"version-history":[{"count":0,"href":"https:\/\/rmxnoticias.com\/web\/wp-json\/wp\/v2\/posts\/26753\/revisions"}],"wp:featuredmedia":[{"embeddable":true,"href":"https:\/\/rmxnoticias.com\/web\/wp-json\/wp\/v2\/media\/26754"}],"wp:attachment":[{"href":"https:\/\/rmxnoticias.com\/web\/wp-json\/wp\/v2\/media?parent=26753"}],"wp:term":[{"taxonomy":"category","embeddable":true,"href":"https:\/\/rmxnoticias.com\/web\/wp-json\/wp\/v2\/categories?post=26753"},{"taxonomy":"post_tag","embeddable":true,"href":"https:\/\/rmxnoticias.com\/web\/wp-json\/wp\/v2\/tags?post=26753"}],"curies":[{"name":"wp","href":"https:\/\/api.w.org\/{rel}","templated":true}]}}